{"id":16629,"date":"2022-10-21T09:08:38","date_gmt":"2022-10-21T09:08:38","guid":{"rendered":"https:\/\/imqprevencion.es\/uncategorized-eu\/orientaciones-para-la-gestion-de-los-aspectos-ergonomicos-y-psicosociales-en-situacion-de-teletrabajo\/"},"modified":"2022-10-21T12:22:26","modified_gmt":"2022-10-21T12:22:26","slug":"telelanean-alderdi-ergonomikoak-eta-psikosozialak-kudeatzeko-orientabideak","status":"publish","type":"post","link":"https:\/\/imqprevencion.es\/eu\/berriak\/telelanean-alderdi-ergonomikoak-eta-psikosozialak-kudeatzeko-orientabideak\/","title":{"rendered":"Telelanean alderdi ergonomikoak eta psikosozialak kudeatzeko orientabideak"},"content":{"rendered":"<p><img loading=\"lazy\" decoding=\"async\" class=\"alignnone wp-image-16606\" src=\"https:\/\/imqprevencion.es\/wp-content\/uploads\/2022\/10\/Teletrabajo-casa-autonomo-webinar-presentacion-300x177.jpg\" alt=\"\" width=\"1154\" height=\"681\" srcset=\"https:\/\/imqprevencion.es\/wp-content\/uploads\/2022\/10\/Teletrabajo-casa-autonomo-webinar-presentacion-300x177.jpg 300w, https:\/\/imqprevencion.es\/wp-content\/uploads\/2022\/10\/Teletrabajo-casa-autonomo-webinar-presentacion.jpg 595w\" sizes=\"auto, (max-width: 1154px) 100vw, 1154px\" \/><\/p>\n<p><em>Iturria: INSST<\/em><\/p>\n<p>Digitalizazio mailakatuak eta informazioaren eta komunikazioaren teknologien (IKT) erabilera trinkoak lanaren edukia eta antolaketa aldatu dute. SARS-CoV-2 osasun-pandemiak eraldaketa hori azkartu eta telelana bultzatu zuen.<\/p>\n<p>Urrutiko Lanari buruzko uztailaren 9ko 10\/2021 Legeak telelanaren kontzeptua sartzen du, eta honela definitzen du: baliabide eta sistema informatikoak, telematikoak eta telekomunikaziokoak esklusiboki edo lehentasunez erabiliz egiten den urrutiko lana.<\/p>\n<p>INSSTk egindako argitalpen honek esparru tekniko-prebentibo eguneratua eskaintzen du, enpresa eta erakundeetan telelana modu integratuan kudeatzeko oinarrizko ekintzei buruz indarrean dagoen araudiaren arabera, arreta berezia jarriz telelanaren diseinuan, plangintzan eta ezarpenean, bai eta lana antolatzeko modu horri lotutako arrisku ergonomiko eta psikosozial potentzialei eraginkortasunez ekitean ere.<\/p>\n<p>Gainera, dokumentuak hainbat eranskin ditu informazioa biltzen laguntzeko tresna gisa, telelaneko ingurune batean arrisku ergonomikoak eta psikosozialak kudeatzeko oinarri izan behar dutenak.<\/p>\n","protected":false},"excerpt":{"rendered":"<p>Informe del INSST que ofrece un marco t\u00e9cnico-preventivo actualizado para la gesti\u00f3n integrada del teletrabajo<\/p>\n","protected":false},"author":2,"featured_media":16607,"comment_status":"open","ping_status":"open","sticky":false,"template":"","format":"standard","meta":{"_price":"","_stock":"","_tribe_ticket_header":"","_tribe_default_ticket_provider":"","_tribe_ticket_capacity":"0","_ticket_start_date":"","_ticket_end_date":"","_tribe_ticket_show_description":"","_tribe_ticket_show_not_going":false,"_tribe_ticket_use_global_stock":"","_tribe_ticket_global_stock_level":"","_global_stock_mode":"","_global_stock_cap":"","_tribe_rsvp_for_event":"","_tribe_ticket_going_count":"","_tribe_ticket_not_going_count":"","_tribe_tickets_list":[],"_tribe_ticket_has_attendee_info_fields":false,"footnotes":""},"categories":[210],"tags":[],"class_list":["post-16629","post","type-post","status-publish","format-standard","has-post-thumbnail","hentry","category-berriak","grve-entry-item","grve-blog-item"],"acf":[],"yoast_head":"<!-- This site is optimized with the Yoast SEO plugin v20.4 - https:\/\/yoast.com\/wordpress\/plugins\/seo\/ -->\n<title>Telelanean alderdi ergonomikoak eta psikosozialak kudeatzeko orientabideak - IMQ Prevenci\u00f3n<\/title>\n<meta name=\"robots\" content=\"index, follow, max-snippet:-1, max-image-preview:large, max-video-preview:-1\" \/>\n<link rel=\"canonical\" href=\"https:\/\/imqprevencion.es\/eu\/berriak\/telelanean-alderdi-ergonomikoak-eta-psikosozialak-kudeatzeko-orientabideak\/\" \/>\n<meta property=\"og:locale\" content=\"eu_ES\" \/>\n<meta property=\"og:type\" content=\"article\" \/>\n<meta property=\"og:title\" content=\"Telelanean alderdi ergonomikoak eta psikosozialak kudeatzeko orientabideak - IMQ Prevenci\u00f3n\" \/>\n<meta property=\"og:description\" content=\"Informe del INSST que ofrece un marco t\u00e9cnico-preventivo actualizado para la gesti\u00f3n integrada del teletrabajo\" \/>\n<meta property=\"og:url\" content=\"https:\/\/imqprevencion.es\/eu\/berriak\/telelanean-alderdi-ergonomikoak-eta-psikosozialak-kudeatzeko-orientabideak\/\" \/>\n<meta property=\"og:site_name\" content=\"IMQ Prevenci\u00f3n\" \/>\n<meta property=\"article:published_time\" content=\"2022-10-21T09:08:38+00:00\" \/>\n<meta property=\"article:modified_time\" content=\"2022-10-21T12:22:26+00:00\" \/>\n<meta property=\"og:image\" content=\"https:\/\/imqprevencion.es\/wp-content\/uploads\/2022\/10\/Teletrabajo-casa-autonomo-webinar-presentacion.jpg\" \/>\n\t<meta property=\"og:image:width\" content=\"595\" \/>\n\t<meta property=\"og:image:height\" content=\"351\" \/>\n\t<meta property=\"og:image:type\" content=\"image\/jpeg\" \/>\n<meta name=\"author\" content=\"IMQ\" \/>\n<meta name=\"twitter:card\" content=\"summary_large_image\" \/>\n<meta name=\"twitter:label1\" content=\"Written by\" \/>\n\t<meta name=\"twitter:data1\" content=\"IMQ\" \/>\n\t<meta name=\"twitter:label2\" content=\"Est. reading time\" \/>\n\t<meta name=\"twitter:data2\" content=\"1 minute\" \/>\n<script type=\"application\/ld+json\" class=\"yoast-schema-graph\">{\"@context\":\"https:\/\/schema.org\",\"@graph\":[{\"@type\":\"Article\",\"@id\":\"https:\/\/imqprevencion.es\/eu\/berriak\/telelanean-alderdi-ergonomikoak-eta-psikosozialak-kudeatzeko-orientabideak\/#article\",\"isPartOf\":{\"@id\":\"https:\/\/imqprevencion.es\/eu\/berriak\/telelanean-alderdi-ergonomikoak-eta-psikosozialak-kudeatzeko-orientabideak\/\"},\"author\":{\"name\":\"IMQ\",\"@id\":\"https:\/\/imqprevencion.es\/eu\/#\/schema\/person\/1e7006ae21851bf923900fab4bfb7927\"},\"headline\":\"Telelanean alderdi ergonomikoak eta psikosozialak kudeatzeko orientabideak\",\"datePublished\":\"2022-10-21T09:08:38+00:00\",\"dateModified\":\"2022-10-21T12:22:26+00:00\",\"mainEntityOfPage\":{\"@id\":\"https:\/\/imqprevencion.es\/eu\/berriak\/telelanean-alderdi-ergonomikoak-eta-psikosozialak-kudeatzeko-orientabideak\/\"},\"wordCount\":131,\"commentCount\":0,\"publisher\":{\"@id\":\"https:\/\/imqprevencion.es\/eu\/#organization\"},\"articleSection\":[\"Berriak\"],\"inLanguage\":\"eu-ES\",\"potentialAction\":[{\"@type\":\"CommentAction\",\"name\":\"Comment\",\"target\":[\"https:\/\/imqprevencion.es\/eu\/berriak\/telelanean-alderdi-ergonomikoak-eta-psikosozialak-kudeatzeko-orientabideak\/#respond\"]}]},{\"@type\":\"WebPage\",\"@id\":\"https:\/\/imqprevencion.es\/eu\/berriak\/telelanean-alderdi-ergonomikoak-eta-psikosozialak-kudeatzeko-orientabideak\/\",\"url\":\"https:\/\/imqprevencion.es\/eu\/berriak\/telelanean-alderdi-ergonomikoak-eta-psikosozialak-kudeatzeko-orientabideak\/\",\"name\":\"Telelanean alderdi ergonomikoak eta psikosozialak kudeatzeko orientabideak - IMQ Prevenci\u00f3n\",\"isPartOf\":{\"@id\":\"https:\/\/imqprevencion.es\/eu\/#website\"},\"datePublished\":\"2022-10-21T09:08:38+00:00\",\"dateModified\":\"2022-10-21T12:22:26+00:00\",\"breadcrumb\":{\"@id\":\"https:\/\/imqprevencion.es\/eu\/berriak\/telelanean-alderdi-ergonomikoak-eta-psikosozialak-kudeatzeko-orientabideak\/#breadcrumb\"},\"inLanguage\":\"eu-ES\",\"potentialAction\":[{\"@type\":\"ReadAction\",\"target\":[\"https:\/\/imqprevencion.es\/eu\/berriak\/telelanean-alderdi-ergonomikoak-eta-psikosozialak-kudeatzeko-orientabideak\/\"]}]},{\"@type\":\"BreadcrumbList\",\"@id\":\"https:\/\/imqprevencion.es\/eu\/berriak\/telelanean-alderdi-ergonomikoak-eta-psikosozialak-kudeatzeko-orientabideak\/#breadcrumb\",\"itemListElement\":[{\"@type\":\"ListItem\",\"position\":1,\"name\":\"Hasiera\",\"item\":\"https:\/\/imqprevencion.es\/eu\/\"},{\"@type\":\"ListItem\",\"position\":2,\"name\":\"Berriak\",\"item\":\"https:\/\/imqprevencion.es\/eu\/.\/berriak\/\"},{\"@type\":\"ListItem\",\"position\":3,\"name\":\"Telelanean alderdi ergonomikoak eta psikosozialak kudeatzeko orientabideak\"}]},{\"@type\":\"WebSite\",\"@id\":\"https:\/\/imqprevencion.es\/eu\/#website\",\"url\":\"https:\/\/imqprevencion.es\/eu\/\",\"name\":\"IMQ Prevenci\u00f3n\",\"description\":\"Servicio de Prevenci\u00f3n de Riesgos Laborales\",\"publisher\":{\"@id\":\"https:\/\/imqprevencion.es\/eu\/#organization\"},\"potentialAction\":[{\"@type\":\"SearchAction\",\"target\":{\"@type\":\"EntryPoint\",\"urlTemplate\":\"https:\/\/imqprevencion.es\/eu\/?s={search_term_string}\"},\"query-input\":\"required name=search_term_string\"}],\"inLanguage\":\"eu-ES\"},{\"@type\":\"Organization\",\"@id\":\"https:\/\/imqprevencion.es\/eu\/#organization\",\"name\":\"IMQ Prevenci\u00f3n\",\"url\":\"https:\/\/imqprevencion.es\/eu\/\",\"logo\":{\"@type\":\"ImageObject\",\"inLanguage\":\"eu-ES\",\"@id\":\"https:\/\/imqprevencion.es\/eu\/#\/schema\/logo\/image\/\",\"url\":\"https:\/\/imqprevencion.es\/wp-content\/uploads\/2022\/05\/IMQ-Blue.svg\",\"contentUrl\":\"https:\/\/imqprevencion.es\/wp-content\/uploads\/2022\/05\/IMQ-Blue.svg\",\"width\":265,\"height\":32,\"caption\":\"IMQ Prevenci\u00f3n\"},\"image\":{\"@id\":\"https:\/\/imqprevencion.es\/eu\/#\/schema\/logo\/image\/\"}},{\"@type\":\"Person\",\"@id\":\"https:\/\/imqprevencion.es\/eu\/#\/schema\/person\/1e7006ae21851bf923900fab4bfb7927\",\"name\":\"IMQ\",\"image\":{\"@type\":\"ImageObject\",\"inLanguage\":\"eu-ES\",\"@id\":\"https:\/\/imqprevencion.es\/eu\/#\/schema\/person\/image\/\",\"url\":\"https:\/\/secure.gravatar.com\/avatar\/e3cba29a577398ec89b42aa8eaa2e0ff1cc2acfbc313860024309332b81c0f45?s=96&d=mm&r=g\",\"contentUrl\":\"https:\/\/secure.gravatar.com\/avatar\/e3cba29a577398ec89b42aa8eaa2e0ff1cc2acfbc313860024309332b81c0f45?s=96&d=mm&r=g\",\"caption\":\"IMQ\"}}]}<\/script>\n<!-- \/ Yoast SEO plugin. -->","yoast_head_json":{"title":"Telelanean alderdi ergonomikoak eta psikosozialak kudeatzeko orientabideak - IMQ Prevenci\u00f3n","robots":{"index":"index","follow":"follow","max-snippet":"max-snippet:-1","max-image-preview":"max-image-preview:large","max-video-preview":"max-video-preview:-1"},"canonical":"https:\/\/imqprevencion.es\/eu\/berriak\/telelanean-alderdi-ergonomikoak-eta-psikosozialak-kudeatzeko-orientabideak\/","og_locale":"eu_ES","og_type":"article","og_title":"Telelanean alderdi ergonomikoak eta psikosozialak kudeatzeko orientabideak - IMQ Prevenci\u00f3n","og_description":"Informe del INSST que ofrece un marco t\u00e9cnico-preventivo actualizado para la gesti\u00f3n integrada del teletrabajo","og_url":"https:\/\/imqprevencion.es\/eu\/berriak\/telelanean-alderdi-ergonomikoak-eta-psikosozialak-kudeatzeko-orientabideak\/","og_site_name":"IMQ Prevenci\u00f3n","article_published_time":"2022-10-21T09:08:38+00:00","article_modified_time":"2022-10-21T12:22:26+00:00","og_image":[{"width":595,"height":351,"url":"https:\/\/imqprevencion.es\/wp-content\/uploads\/2022\/10\/Teletrabajo-casa-autonomo-webinar-presentacion.jpg","type":"image\/jpeg"}],"author":"IMQ","twitter_card":"summary_large_image","twitter_misc":{"Written by":"IMQ","Est. reading time":"1 minute"},"schema":{"@context":"https:\/\/schema.org","@graph":[{"@type":"Article","@id":"https:\/\/imqprevencion.es\/eu\/berriak\/telelanean-alderdi-ergonomikoak-eta-psikosozialak-kudeatzeko-orientabideak\/#article","isPartOf":{"@id":"https:\/\/imqprevencion.es\/eu\/berriak\/telelanean-alderdi-ergonomikoak-eta-psikosozialak-kudeatzeko-orientabideak\/"},"author":{"name":"IMQ","@id":"https:\/\/imqprevencion.es\/eu\/#\/schema\/person\/1e7006ae21851bf923900fab4bfb7927"},"headline":"Telelanean alderdi ergonomikoak eta psikosozialak kudeatzeko orientabideak","datePublished":"2022-10-21T09:08:38+00:00","dateModified":"2022-10-21T12:22:26+00:00","mainEntityOfPage":{"@id":"https:\/\/imqprevencion.es\/eu\/berriak\/telelanean-alderdi-ergonomikoak-eta-psikosozialak-kudeatzeko-orientabideak\/"},"wordCount":131,"commentCount":0,"publisher":{"@id":"https:\/\/imqprevencion.es\/eu\/#organization"},"articleSection":["Berriak"],"inLanguage":"eu-ES","potentialAction":[{"@type":"CommentAction","name":"Comment","target":["https:\/\/imqprevencion.es\/eu\/berriak\/telelanean-alderdi-ergonomikoak-eta-psikosozialak-kudeatzeko-orientabideak\/#respond"]}]},{"@type":"WebPage","@id":"https:\/\/imqprevencion.es\/eu\/berriak\/telelanean-alderdi-ergonomikoak-eta-psikosozialak-kudeatzeko-orientabideak\/","url":"https:\/\/imqprevencion.es\/eu\/berriak\/telelanean-alderdi-ergonomikoak-eta-psikosozialak-kudeatzeko-orientabideak\/","name":"Telelanean alderdi ergonomikoak eta psikosozialak kudeatzeko orientabideak - IMQ Prevenci\u00f3n","isPartOf":{"@id":"https:\/\/imqprevencion.es\/eu\/#website"},"datePublished":"2022-10-21T09:08:38+00:00","dateModified":"2022-10-21T12:22:26+00:00","breadcrumb":{"@id":"https:\/\/imqprevencion.es\/eu\/berriak\/telelanean-alderdi-ergonomikoak-eta-psikosozialak-kudeatzeko-orientabideak\/#breadcrumb"},"inLanguage":"eu-ES","potentialAction":[{"@type":"ReadAction","target":["https:\/\/imqprevencion.es\/eu\/berriak\/telelanean-alderdi-ergonomikoak-eta-psikosozialak-kudeatzeko-orientabideak\/"]}]},{"@type":"BreadcrumbList","@id":"https:\/\/imqprevencion.es\/eu\/berriak\/telelanean-alderdi-ergonomikoak-eta-psikosozialak-kudeatzeko-orientabideak\/#breadcrumb","itemListElement":[{"@type":"ListItem","position":1,"name":"Hasiera","item":"https:\/\/imqprevencion.es\/eu\/"},{"@type":"ListItem","position":2,"name":"Berriak","item":"https:\/\/imqprevencion.es\/eu\/.\/berriak\/"},{"@type":"ListItem","position":3,"name":"Telelanean alderdi ergonomikoak eta psikosozialak kudeatzeko orientabideak"}]},{"@type":"WebSite","@id":"https:\/\/imqprevencion.es\/eu\/#website","url":"https:\/\/imqprevencion.es\/eu\/","name":"IMQ Prevenci\u00f3n","description":"Servicio de Prevenci\u00f3n de Riesgos Laborales","publisher":{"@id":"https:\/\/imqprevencion.es\/eu\/#organization"},"potentialAction":[{"@type":"SearchAction","target":{"@type":"EntryPoint","urlTemplate":"https:\/\/imqprevencion.es\/eu\/?s={search_term_string}"},"query-input":"required name=search_term_string"}],"inLanguage":"eu-ES"},{"@type":"Organization","@id":"https:\/\/imqprevencion.es\/eu\/#organization","name":"IMQ Prevenci\u00f3n","url":"https:\/\/imqprevencion.es\/eu\/","logo":{"@type":"ImageObject","inLanguage":"eu-ES","@id":"https:\/\/imqprevencion.es\/eu\/#\/schema\/logo\/image\/","url":"https:\/\/imqprevencion.es\/wp-content\/uploads\/2022\/05\/IMQ-Blue.svg","contentUrl":"https:\/\/imqprevencion.es\/wp-content\/uploads\/2022\/05\/IMQ-Blue.svg","width":265,"height":32,"caption":"IMQ Prevenci\u00f3n"},"image":{"@id":"https:\/\/imqprevencion.es\/eu\/#\/schema\/logo\/image\/"}},{"@type":"Person","@id":"https:\/\/imqprevencion.es\/eu\/#\/schema\/person\/1e7006ae21851bf923900fab4bfb7927","name":"IMQ","image":{"@type":"ImageObject","inLanguage":"eu-ES","@id":"https:\/\/imqprevencion.es\/eu\/#\/schema\/person\/image\/","url":"https:\/\/secure.gravatar.com\/avatar\/e3cba29a577398ec89b42aa8eaa2e0ff1cc2acfbc313860024309332b81c0f45?s=96&d=mm&r=g","contentUrl":"https:\/\/secure.gravatar.com\/avatar\/e3cba29a577398ec89b42aa8eaa2e0ff1cc2acfbc313860024309332b81c0f45?s=96&d=mm&r=g","caption":"IMQ"}}]}},"_links":{"self":[{"href":"https:\/\/imqprevencion.es\/eu\/wp-json\/wp\/v2\/posts\/16629","targetHints":{"allow":["GET"]}}],"collection":[{"href":"https:\/\/imqprevencion.es\/eu\/wp-json\/wp\/v2\/posts"}],"about":[{"href":"https:\/\/imqprevencion.es\/eu\/wp-json\/wp\/v2\/types\/post"}],"author":[{"embeddable":true,"href":"https:\/\/imqprevencion.es\/eu\/wp-json\/wp\/v2\/users\/2"}],"replies":[{"embeddable":true,"href":"https:\/\/imqprevencion.es\/eu\/wp-json\/wp\/v2\/comments?post=16629"}],"version-history":[{"count":3,"href":"https:\/\/imqprevencion.es\/eu\/wp-json\/wp\/v2\/posts\/16629\/revisions"}],"predecessor-version":[{"id":16632,"href":"https:\/\/imqprevencion.es\/eu\/wp-json\/wp\/v2\/posts\/16629\/revisions\/16632"}],"wp:featuredmedia":[{"embeddable":true,"href":"https:\/\/imqprevencion.es\/eu\/wp-json\/wp\/v2\/media\/16607"}],"wp:attachment":[{"href":"https:\/\/imqprevencion.es\/eu\/wp-json\/wp\/v2\/media?parent=16629"}],"wp:term":[{"taxonomy":"category","embeddable":true,"href":"https:\/\/imqprevencion.es\/eu\/wp-json\/wp\/v2\/categories?post=16629"},{"taxonomy":"post_tag","embeddable":true,"href":"https:\/\/imqprevencion.es\/eu\/wp-json\/wp\/v2\/tags?post=16629"}],"curies":[{"name":"wp","href":"https:\/\/api.w.org\/{rel}","templated":true}]}}