{"id":15653,"date":"2024-05-22T08:30:30","date_gmt":"2024-05-22T08:30:30","guid":{"rendered":"https:\/\/imqprevencion.es\/uncategorized-eu\/tipologias-liderazgo-empresas\/"},"modified":"2024-05-23T07:09:54","modified_gmt":"2024-05-23T07:09:54","slug":"zortzi-arrisku-psikosozialeko-faktore-enpresan","status":"publish","type":"post","link":"https:\/\/imqprevencion.es\/eu\/informazio-teknikoa\/zortzi-arrisku-psikosozialeko-faktore-enpresan\/","title":{"rendered":"Bederatzi arrisku psikosozialeko faktore enpresan"},"content":{"rendered":"<p><img loading=\"lazy\" decoding=\"async\" class=\"alignnone wp-image-44585\" src=\"https:\/\/imqprevencion.es\/wp-content\/uploads\/2023\/10\/Cabecera-intro-infografia-CEBEK-9_eus-300x176.jpg\" alt=\"\" width=\"1347\" height=\"790\" srcset=\"https:\/\/imqprevencion.es\/wp-content\/uploads\/2023\/10\/Cabecera-intro-infografia-CEBEK-9_eus-300x176.jpg 300w, https:\/\/imqprevencion.es\/wp-content\/uploads\/2023\/10\/Cabecera-intro-infografia-CEBEK-9_eus.jpg 564w\" sizes=\"auto, (max-width: 1347px) 100vw, 1347px\" \/><\/p>\n<p>Arrisku psikosozialeko faktoreek eragina izan dezakete langileen osasun mentalean eta fisikoan, baita enpresen jardunean ere.<\/p>\n<ul>\n<li><strong>Absentismoa eta lan-motibazioa okertzea<\/strong> eragiten dute.<\/li>\n<li><strong>Laneko produktibitatea murrizten dute<\/strong>.<\/li>\n<li><strong>Lan-istripuak<\/strong> eragiten dituzte.<\/li>\n<li>Gainerako lantaldearekiko <strong>harreman-arazoak<\/strong> sortzen dituzte.<\/li>\n<\/ul>\n<p>Azter itzazu CEBEKekin batera Ondo Izan, Grupo IMQ (Igualatorio M\u00e9dico Quir\u00fargico) eta Osalanen ekimenaren bidez egin argitaratutako <strong>9 faktoreak<\/strong>, lan-eremuan osasuna eta ongizatea sustatzeko ekintzen lankidetza-akordioaren barruan.<\/p>\n","protected":false},"excerpt":{"rendered":"<p>Arrisku psikosozialeko faktoreek eragina izan dezakete langileen osasun mentalean eta fisikoan, baita enpresen jardunean ere. Absentismoa eta lan-motibazioa okertzea eragiten dute. Laneko produktibitatea murrizten dute. Lan-istripuak eragiten dituzte. Gainerako lantaldearekiko [&hellip;]<\/p>\n","protected":false},"author":1,"featured_media":44585,"comment_status":"open","ping_status":"open","sticky":false,"template":"","format":"standard","meta":{"_price":"","_stock":"","_tribe_ticket_header":"","_tribe_default_ticket_provider":"","_tribe_ticket_capacity":"0","_ticket_start_date":"","_ticket_end_date":"","_tribe_ticket_show_description":"","_tribe_ticket_show_not_going":false,"_tribe_ticket_use_global_stock":"","_tribe_ticket_global_stock_level":"","_global_stock_mode":"","_global_stock_cap":"","_tribe_rsvp_for_event":"","_tribe_ticket_going_count":"","_tribe_ticket_not_going_count":"","_tribe_tickets_list":[],"_tribe_ticket_has_attendee_info_fields":false,"footnotes":""},"categories":[160,261],"tags":[],"class_list":["post-15653","post","type-post","status-publish","format-standard","has-post-thumbnail","hentry","category-informazio-teknikoa","category-psikosoziologia-aplikatua","grve-entry-item","grve-blog-item"],"acf":[],"yoast_head":"<!-- This site is optimized with the Yoast SEO plugin v20.4 - https:\/\/yoast.com\/wordpress\/plugins\/seo\/ -->\n<title>Bederatzi arrisku psikosozialeko faktore enpresan - IMQ Prevenci\u00f3n<\/title>\n<meta name=\"description\" content=\"Descarga la informaci\u00f3n y haz de tu espacio de trabajo un lugar m\u00e1s saludable.\" \/>\n<meta name=\"robots\" content=\"index, follow, max-snippet:-1, max-image-preview:large, max-video-preview:-1\" \/>\n<link rel=\"canonical\" href=\"https:\/\/imqprevencion.es\/eu\/informazio-teknikoa\/zortzi-arrisku-psikosozialeko-faktore-enpresan\/\" \/>\n<meta property=\"og:locale\" content=\"eu_ES\" \/>\n<meta property=\"og:type\" content=\"article\" \/>\n<meta property=\"og:title\" content=\"Bederatzi arrisku psikosozialeko faktore enpresan - IMQ Prevenci\u00f3n\" \/>\n<meta property=\"og:description\" content=\"Descarga la informaci\u00f3n y haz de tu espacio de trabajo un lugar m\u00e1s saludable.\" \/>\n<meta property=\"og:url\" content=\"https:\/\/imqprevencion.es\/eu\/informazio-teknikoa\/zortzi-arrisku-psikosozialeko-faktore-enpresan\/\" \/>\n<meta property=\"og:site_name\" content=\"IMQ Prevenci\u00f3n\" \/>\n<meta property=\"article:published_time\" content=\"2024-05-22T08:30:30+00:00\" \/>\n<meta property=\"article:modified_time\" content=\"2024-05-23T07:09:54+00:00\" \/>\n<meta property=\"og:image\" content=\"https:\/\/imqprevencion.es\/wp-content\/uploads\/2023\/10\/Cabecera-intro-infografia-CEBEK-9_eus.jpg\" \/>\n\t<meta property=\"og:image:width\" content=\"564\" \/>\n\t<meta property=\"og:image:height\" content=\"330\" \/>\n\t<meta property=\"og:image:type\" content=\"image\/jpeg\" \/>\n<meta name=\"author\" content=\"developer\" \/>\n<meta name=\"twitter:card\" content=\"summary_large_image\" \/>\n<meta name=\"twitter:label1\" content=\"Written by\" \/>\n\t<meta name=\"twitter:data1\" content=\"developer\" \/>\n\t<meta name=\"twitter:label2\" content=\"Est. reading time\" \/>\n\t<meta name=\"twitter:data2\" content=\"1 minute\" \/>\n<script type=\"application\/ld+json\" class=\"yoast-schema-graph\">{\"@context\":\"https:\/\/schema.org\",\"@graph\":[{\"@type\":\"Article\",\"@id\":\"https:\/\/imqprevencion.es\/eu\/informazio-teknikoa\/zortzi-arrisku-psikosozialeko-faktore-enpresan\/#article\",\"isPartOf\":{\"@id\":\"https:\/\/imqprevencion.es\/eu\/informazio-teknikoa\/zortzi-arrisku-psikosozialeko-faktore-enpresan\/\"},\"author\":{\"name\":\"developer\",\"@id\":\"https:\/\/imqprevencion.es\/eu\/#\/schema\/person\/2e5941d0bed1c48135c8d48738616a03\"},\"headline\":\"Bederatzi arrisku psikosozialeko faktore enpresan\",\"datePublished\":\"2024-05-22T08:30:30+00:00\",\"dateModified\":\"2024-05-23T07:09:54+00:00\",\"mainEntityOfPage\":{\"@id\":\"https:\/\/imqprevencion.es\/eu\/informazio-teknikoa\/zortzi-arrisku-psikosozialeko-faktore-enpresan\/\"},\"wordCount\":66,\"commentCount\":0,\"publisher\":{\"@id\":\"https:\/\/imqprevencion.es\/eu\/#organization\"},\"articleSection\":[\"Informazio teknikoa\",\"Psikosoziologia Aplikatua\"],\"inLanguage\":\"eu-ES\",\"potentialAction\":[{\"@type\":\"CommentAction\",\"name\":\"Comment\",\"target\":[\"https:\/\/imqprevencion.es\/eu\/informazio-teknikoa\/zortzi-arrisku-psikosozialeko-faktore-enpresan\/#respond\"]}]},{\"@type\":\"WebPage\",\"@id\":\"https:\/\/imqprevencion.es\/eu\/informazio-teknikoa\/zortzi-arrisku-psikosozialeko-faktore-enpresan\/\",\"url\":\"https:\/\/imqprevencion.es\/eu\/informazio-teknikoa\/zortzi-arrisku-psikosozialeko-faktore-enpresan\/\",\"name\":\"Bederatzi arrisku psikosozialeko faktore enpresan - IMQ Prevenci\u00f3n\",\"isPartOf\":{\"@id\":\"https:\/\/imqprevencion.es\/eu\/#website\"},\"datePublished\":\"2024-05-22T08:30:30+00:00\",\"dateModified\":\"2024-05-23T07:09:54+00:00\",\"description\":\"Descarga la informaci\u00f3n y haz de tu espacio de trabajo un lugar m\u00e1s saludable.\",\"breadcrumb\":{\"@id\":\"https:\/\/imqprevencion.es\/eu\/informazio-teknikoa\/zortzi-arrisku-psikosozialeko-faktore-enpresan\/#breadcrumb\"},\"inLanguage\":\"eu-ES\",\"potentialAction\":[{\"@type\":\"ReadAction\",\"target\":[\"https:\/\/imqprevencion.es\/eu\/informazio-teknikoa\/zortzi-arrisku-psikosozialeko-faktore-enpresan\/\"]}]},{\"@type\":\"BreadcrumbList\",\"@id\":\"https:\/\/imqprevencion.es\/eu\/informazio-teknikoa\/zortzi-arrisku-psikosozialeko-faktore-enpresan\/#breadcrumb\",\"itemListElement\":[{\"@type\":\"ListItem\",\"position\":1,\"name\":\"Hasiera\",\"item\":\"https:\/\/imqprevencion.es\/eu\/\"},{\"@type\":\"ListItem\",\"position\":2,\"name\":\"Informazio teknikoa\",\"item\":\"https:\/\/imqprevencion.es\/eu\/.\/informazio-teknikoa\/\"},{\"@type\":\"ListItem\",\"position\":3,\"name\":\"Bederatzi arrisku psikosozialeko faktore enpresan\"}]},{\"@type\":\"WebSite\",\"@id\":\"https:\/\/imqprevencion.es\/eu\/#website\",\"url\":\"https:\/\/imqprevencion.es\/eu\/\",\"name\":\"IMQ Prevenci\u00f3n\",\"description\":\"Servicio de Prevenci\u00f3n de Riesgos Laborales\",\"publisher\":{\"@id\":\"https:\/\/imqprevencion.es\/eu\/#organization\"},\"potentialAction\":[{\"@type\":\"SearchAction\",\"target\":{\"@type\":\"EntryPoint\",\"urlTemplate\":\"https:\/\/imqprevencion.es\/eu\/?s={search_term_string}\"},\"query-input\":\"required name=search_term_string\"}],\"inLanguage\":\"eu-ES\"},{\"@type\":\"Organization\",\"@id\":\"https:\/\/imqprevencion.es\/eu\/#organization\",\"name\":\"IMQ Prevenci\u00f3n\",\"url\":\"https:\/\/imqprevencion.es\/eu\/\",\"logo\":{\"@type\":\"ImageObject\",\"inLanguage\":\"eu-ES\",\"@id\":\"https:\/\/imqprevencion.es\/eu\/#\/schema\/logo\/image\/\",\"url\":\"https:\/\/imqprevencion.es\/wp-content\/uploads\/2022\/05\/IMQ-Blue.svg\",\"contentUrl\":\"https:\/\/imqprevencion.es\/wp-content\/uploads\/2022\/05\/IMQ-Blue.svg\",\"width\":265,\"height\":32,\"caption\":\"IMQ Prevenci\u00f3n\"},\"image\":{\"@id\":\"https:\/\/imqprevencion.es\/eu\/#\/schema\/logo\/image\/\"}},{\"@type\":\"Person\",\"@id\":\"https:\/\/imqprevencion.es\/eu\/#\/schema\/person\/2e5941d0bed1c48135c8d48738616a03\",\"name\":\"developer\",\"image\":{\"@type\":\"ImageObject\",\"inLanguage\":\"eu-ES\",\"@id\":\"https:\/\/imqprevencion.es\/eu\/#\/schema\/person\/image\/\",\"url\":\"https:\/\/secure.gravatar.com\/avatar\/1d5de173738471299019f98ab79d044b4b58fd944eae1faed63e33680b257663?s=96&d=mm&r=g\",\"contentUrl\":\"https:\/\/secure.gravatar.com\/avatar\/1d5de173738471299019f98ab79d044b4b58fd944eae1faed63e33680b257663?s=96&d=mm&r=g\",\"caption\":\"developer\"},\"sameAs\":[\"https:\/\/imqprevencion.zorraquino.info\"]}]}<\/script>\n<!-- \/ Yoast SEO plugin. -->","yoast_head_json":{"title":"Bederatzi arrisku psikosozialeko faktore enpresan - IMQ Prevenci\u00f3n","description":"Descarga la informaci\u00f3n y haz de tu espacio de trabajo un lugar m\u00e1s saludable.","robots":{"index":"index","follow":"follow","max-snippet":"max-snippet:-1","max-image-preview":"max-image-preview:large","max-video-preview":"max-video-preview:-1"},"canonical":"https:\/\/imqprevencion.es\/eu\/informazio-teknikoa\/zortzi-arrisku-psikosozialeko-faktore-enpresan\/","og_locale":"eu_ES","og_type":"article","og_title":"Bederatzi arrisku psikosozialeko faktore enpresan - IMQ Prevenci\u00f3n","og_description":"Descarga la informaci\u00f3n y haz de tu espacio de trabajo un lugar m\u00e1s saludable.","og_url":"https:\/\/imqprevencion.es\/eu\/informazio-teknikoa\/zortzi-arrisku-psikosozialeko-faktore-enpresan\/","og_site_name":"IMQ Prevenci\u00f3n","article_published_time":"2024-05-22T08:30:30+00:00","article_modified_time":"2024-05-23T07:09:54+00:00","og_image":[{"width":564,"height":330,"url":"https:\/\/imqprevencion.es\/wp-content\/uploads\/2023\/10\/Cabecera-intro-infografia-CEBEK-9_eus.jpg","type":"image\/jpeg"}],"author":"developer","twitter_card":"summary_large_image","twitter_misc":{"Written by":"developer","Est. reading time":"1 minute"},"schema":{"@context":"https:\/\/schema.org","@graph":[{"@type":"Article","@id":"https:\/\/imqprevencion.es\/eu\/informazio-teknikoa\/zortzi-arrisku-psikosozialeko-faktore-enpresan\/#article","isPartOf":{"@id":"https:\/\/imqprevencion.es\/eu\/informazio-teknikoa\/zortzi-arrisku-psikosozialeko-faktore-enpresan\/"},"author":{"name":"developer","@id":"https:\/\/imqprevencion.es\/eu\/#\/schema\/person\/2e5941d0bed1c48135c8d48738616a03"},"headline":"Bederatzi arrisku psikosozialeko faktore enpresan","datePublished":"2024-05-22T08:30:30+00:00","dateModified":"2024-05-23T07:09:54+00:00","mainEntityOfPage":{"@id":"https:\/\/imqprevencion.es\/eu\/informazio-teknikoa\/zortzi-arrisku-psikosozialeko-faktore-enpresan\/"},"wordCount":66,"commentCount":0,"publisher":{"@id":"https:\/\/imqprevencion.es\/eu\/#organization"},"articleSection":["Informazio teknikoa","Psikosoziologia Aplikatua"],"inLanguage":"eu-ES","potentialAction":[{"@type":"CommentAction","name":"Comment","target":["https:\/\/imqprevencion.es\/eu\/informazio-teknikoa\/zortzi-arrisku-psikosozialeko-faktore-enpresan\/#respond"]}]},{"@type":"WebPage","@id":"https:\/\/imqprevencion.es\/eu\/informazio-teknikoa\/zortzi-arrisku-psikosozialeko-faktore-enpresan\/","url":"https:\/\/imqprevencion.es\/eu\/informazio-teknikoa\/zortzi-arrisku-psikosozialeko-faktore-enpresan\/","name":"Bederatzi arrisku psikosozialeko faktore enpresan - IMQ Prevenci\u00f3n","isPartOf":{"@id":"https:\/\/imqprevencion.es\/eu\/#website"},"datePublished":"2024-05-22T08:30:30+00:00","dateModified":"2024-05-23T07:09:54+00:00","description":"Descarga la informaci\u00f3n y haz de tu espacio de trabajo un lugar m\u00e1s saludable.","breadcrumb":{"@id":"https:\/\/imqprevencion.es\/eu\/informazio-teknikoa\/zortzi-arrisku-psikosozialeko-faktore-enpresan\/#breadcrumb"},"inLanguage":"eu-ES","potentialAction":[{"@type":"ReadAction","target":["https:\/\/imqprevencion.es\/eu\/informazio-teknikoa\/zortzi-arrisku-psikosozialeko-faktore-enpresan\/"]}]},{"@type":"BreadcrumbList","@id":"https:\/\/imqprevencion.es\/eu\/informazio-teknikoa\/zortzi-arrisku-psikosozialeko-faktore-enpresan\/#breadcrumb","itemListElement":[{"@type":"ListItem","position":1,"name":"Hasiera","item":"https:\/\/imqprevencion.es\/eu\/"},{"@type":"ListItem","position":2,"name":"Informazio teknikoa","item":"https:\/\/imqprevencion.es\/eu\/.\/informazio-teknikoa\/"},{"@type":"ListItem","position":3,"name":"Bederatzi arrisku psikosozialeko faktore enpresan"}]},{"@type":"WebSite","@id":"https:\/\/imqprevencion.es\/eu\/#website","url":"https:\/\/imqprevencion.es\/eu\/","name":"IMQ Prevenci\u00f3n","description":"Servicio de Prevenci\u00f3n de Riesgos Laborales","publisher":{"@id":"https:\/\/imqprevencion.es\/eu\/#organization"},"potentialAction":[{"@type":"SearchAction","target":{"@type":"EntryPoint","urlTemplate":"https:\/\/imqprevencion.es\/eu\/?s={search_term_string}"},"query-input":"required name=search_term_string"}],"inLanguage":"eu-ES"},{"@type":"Organization","@id":"https:\/\/imqprevencion.es\/eu\/#organization","name":"IMQ Prevenci\u00f3n","url":"https:\/\/imqprevencion.es\/eu\/","logo":{"@type":"ImageObject","inLanguage":"eu-ES","@id":"https:\/\/imqprevencion.es\/eu\/#\/schema\/logo\/image\/","url":"https:\/\/imqprevencion.es\/wp-content\/uploads\/2022\/05\/IMQ-Blue.svg","contentUrl":"https:\/\/imqprevencion.es\/wp-content\/uploads\/2022\/05\/IMQ-Blue.svg","width":265,"height":32,"caption":"IMQ Prevenci\u00f3n"},"image":{"@id":"https:\/\/imqprevencion.es\/eu\/#\/schema\/logo\/image\/"}},{"@type":"Person","@id":"https:\/\/imqprevencion.es\/eu\/#\/schema\/person\/2e5941d0bed1c48135c8d48738616a03","name":"developer","image":{"@type":"ImageObject","inLanguage":"eu-ES","@id":"https:\/\/imqprevencion.es\/eu\/#\/schema\/person\/image\/","url":"https:\/\/secure.gravatar.com\/avatar\/1d5de173738471299019f98ab79d044b4b58fd944eae1faed63e33680b257663?s=96&d=mm&r=g","contentUrl":"https:\/\/secure.gravatar.com\/avatar\/1d5de173738471299019f98ab79d044b4b58fd944eae1faed63e33680b257663?s=96&d=mm&r=g","caption":"developer"},"sameAs":["https:\/\/imqprevencion.zorraquino.info"]}]}},"_links":{"self":[{"href":"https:\/\/imqprevencion.es\/eu\/wp-json\/wp\/v2\/posts\/15653","targetHints":{"allow":["GET"]}}],"collection":[{"href":"https:\/\/imqprevencion.es\/eu\/wp-json\/wp\/v2\/posts"}],"about":[{"href":"https:\/\/imqprevencion.es\/eu\/wp-json\/wp\/v2\/types\/post"}],"author":[{"embeddable":true,"href":"https:\/\/imqprevencion.es\/eu\/wp-json\/wp\/v2\/users\/1"}],"replies":[{"embeddable":true,"href":"https:\/\/imqprevencion.es\/eu\/wp-json\/wp\/v2\/comments?post=15653"}],"version-history":[{"count":9,"href":"https:\/\/imqprevencion.es\/eu\/wp-json\/wp\/v2\/posts\/15653\/revisions"}],"predecessor-version":[{"id":44685,"href":"https:\/\/imqprevencion.es\/eu\/wp-json\/wp\/v2\/posts\/15653\/revisions\/44685"}],"wp:featuredmedia":[{"embeddable":true,"href":"https:\/\/imqprevencion.es\/eu\/wp-json\/wp\/v2\/media\/44585"}],"wp:attachment":[{"href":"https:\/\/imqprevencion.es\/eu\/wp-json\/wp\/v2\/media?parent=15653"}],"wp:term":[{"taxonomy":"category","embeddable":true,"href":"https:\/\/imqprevencion.es\/eu\/wp-json\/wp\/v2\/categories?post=15653"},{"taxonomy":"post_tag","embeddable":true,"href":"https:\/\/imqprevencion.es\/eu\/wp-json\/wp\/v2\/tags?post=15653"}],"curies":[{"name":"wp","href":"https:\/\/api.w.org\/{rel}","templated":true}]}}