{"id":14210,"date":"2022-05-31T11:59:14","date_gmt":"2022-05-31T11:59:14","guid":{"rendered":"https:\/\/dev.imqprevencion.es\/dia-mundial-sin-tabaco-2022\/"},"modified":"2022-10-04T10:33:22","modified_gmt":"2022-10-04T10:33:22","slug":"tabakorik-gabeko-munduko-eguna-2022","status":"publish","type":"post","link":"https:\/\/imqprevencion.es\/eu\/informazio-teknikoa\/tabakorik-gabeko-munduko-eguna-2022\/","title":{"rendered":"Tabakorik gabeko Munduko Eguna 2022"},"content":{"rendered":"<p><img loading=\"lazy\" decoding=\"async\" class=\"alignnone wp-image-12834\" src=\"https:\/\/imqprevencion.es\/wp-content\/uploads\/2022\/07\/wntd2022_banner_1200x628px_fb-es-300x157.jpg\" alt=\"\" width=\"1373\" height=\"719\" srcset=\"https:\/\/imqprevencion.es\/wp-content\/uploads\/2022\/07\/wntd2022_banner_1200x628px_fb-es-300x157.jpg 300w, https:\/\/imqprevencion.es\/wp-content\/uploads\/2022\/07\/wntd2022_banner_1200x628px_fb-es-1024x536.jpg 1024w, https:\/\/imqprevencion.es\/wp-content\/uploads\/2022\/07\/wntd2022_banner_1200x628px_fb-es-768x402.jpg 768w, https:\/\/imqprevencion.es\/wp-content\/uploads\/2022\/07\/wntd2022_banner_1200x628px_fb-es.jpg 1200w\" sizes=\"auto, (max-width: 1373px) 100vw, 1373px\" \/><\/p>\n<p>Gaur, maiatzak 31,<a href=\"https:\/\/www.who.int\/es\/campaigns\/world-no-tobacco-day\/2022\"> Tabakorik Gabeko Munduko Eguna<\/a> ospatzen da.<\/p>\n<p>Urteroko ospakizun honekin bat egiten dugu, uste dugulako garrantzitsua dela pertsonei informazioa ematea tabakoaren kontsumoak dakartzan arriskuei buruz, pertsonek bizitza osasuntsua izateko duten eskubidea aldarrikatzeko egin ditzaketen ekintzei buruz eta gure etorkizuneko belaunaldiak babesteko beharrari buruz.<\/p>\n<p>Tabakoaren kontsumoa da osasun-komunitateak aurreikus dezakeen epidemia nagusia.<\/p>\n<p><img loading=\"lazy\" decoding=\"async\" class=\"alignnone  wp-image-12838\" src=\"https:\/\/imqprevencion.es\/wp-content\/uploads\/2022\/07\/tabaquismo-2022-cabecera-1024x511-1-300x150.png\" alt=\"\" width=\"1366\" height=\"683\" srcset=\"https:\/\/imqprevencion.es\/wp-content\/uploads\/2022\/07\/tabaquismo-2022-cabecera-1024x511-1-300x150.png 300w, https:\/\/imqprevencion.es\/wp-content\/uploads\/2022\/07\/tabaquismo-2022-cabecera-1024x511-1-768x383.png 768w, https:\/\/imqprevencion.es\/wp-content\/uploads\/2022\/07\/tabaquismo-2022-cabecera-1024x511-1.png 1024w\" sizes=\"auto, (max-width: 1366px) 100vw, 1366px\" \/>Tabakoa da, oraindik ere, gure gizartean gaixotasun- eta heriotza-kausa saihestezina; besteak beste, tabakoa biriketako eta bihotz-hodietako osasun-arazo ugariren, haurdunaldiko konplikazioen eta minbizi-mota desberdinen eragile da.<\/p>\n<p>Gure esperientzian oinarrituta, badakigu tabakismoaren arriskuak ezagutzea ez dela nahikoa erretzeari uzteko. Horregatik, zure egunerokoan zurekin egon nahi dugu, eta zure osasuna hobetzen lagundu nahi dizugu, <a href=\"https:\/\/dev.imqprevencion.es\/cursos-de-formacion\/deshabituacion-tabaquica\/\">tabakoaren menpekotasuna gainditzeko programa<\/a> zure eskura jarriz.<\/p>\n<p>Hainbat diziplinatako (psikologia, medikuntza) osasun-profesionalek osatutako talde bati esker, eta laguntza psikologikoko teknikak eta baliozkotutako esku-hartze prozedurak erabiliz, adikzio-jokabidearen jardunbide egokiak eta aldaketa sustatzea dugu helburu.<\/p>\n<p>Beherago aurkituko duzu gure <a href=\"https:\/\/dev.imqprevencion.es\/cursos-de-formacion\/deshabituacion-tabaquica\/\">tabakoaren menpekotasuna gainditzeko programa<\/a>ri buruzko informazio guztia.<\/p>\n","protected":false},"excerpt":{"rendered":"<p>Gaur, maiatzak 31, Tabakorik Gabeko Munduko Eguna ospatzen da. Urteroko ospakizun honekin bat egiten dugu, uste dugulako garrantzitsua dela pertsonei informazioa ematea tabakoaren kontsumoak dakartzan arriskuei buruz, pertsonek bizitza osasuntsua [&hellip;]<\/p>\n","protected":false},"author":2,"featured_media":12835,"comment_status":"open","ping_status":"open","sticky":false,"template":"","format":"standard","meta":{"_price":"","_stock":"","_tribe_ticket_header":"","_tribe_default_ticket_provider":"","_tribe_ticket_capacity":"0","_ticket_start_date":"","_ticket_end_date":"","_tribe_ticket_show_description":"","_tribe_ticket_show_not_going":false,"_tribe_ticket_use_global_stock":"","_tribe_ticket_global_stock_level":"","_global_stock_mode":"","_global_stock_cap":"","_tribe_rsvp_for_event":"","_tribe_ticket_going_count":"","_tribe_ticket_not_going_count":"","_tribe_tickets_list":[],"_tribe_ticket_has_attendee_info_fields":false,"footnotes":""},"categories":[160,259],"tags":[],"class_list":["post-14210","post","type-post","status-publish","format-standard","has-post-thumbnail","hentry","category-informazio-teknikoa","category-osasun-zaintza","grve-entry-item","grve-blog-item"],"acf":[],"yoast_head":"<!-- This site is optimized with the Yoast SEO plugin v20.4 - https:\/\/yoast.com\/wordpress\/plugins\/seo\/ -->\n<title>Tabakorik gabeko Munduko Eguna 2022 - IMQ Prevenci\u00f3n<\/title>\n<meta name=\"description\" content=\"Descarga la informaci\u00f3n y haz de tu espacio de trabajo un lugar m\u00e1s saludable.\" \/>\n<meta name=\"robots\" content=\"index, follow, max-snippet:-1, max-image-preview:large, max-video-preview:-1\" \/>\n<link rel=\"canonical\" href=\"https:\/\/imqprevencion.es\/eu\/informazio-teknikoa\/tabakorik-gabeko-munduko-eguna-2022\/\" \/>\n<meta property=\"og:locale\" content=\"eu_ES\" \/>\n<meta property=\"og:type\" content=\"article\" \/>\n<meta property=\"og:title\" content=\"Tabakorik gabeko Munduko Eguna 2022 - IMQ Prevenci\u00f3n\" \/>\n<meta property=\"og:description\" content=\"Descarga la informaci\u00f3n y haz de tu espacio de trabajo un lugar m\u00e1s saludable.\" \/>\n<meta property=\"og:url\" content=\"https:\/\/imqprevencion.es\/eu\/informazio-teknikoa\/tabakorik-gabeko-munduko-eguna-2022\/\" \/>\n<meta property=\"og:site_name\" content=\"IMQ Prevenci\u00f3n\" \/>\n<meta property=\"article:published_time\" content=\"2022-05-31T11:59:14+00:00\" \/>\n<meta property=\"article:modified_time\" content=\"2022-10-04T10:33:22+00:00\" \/>\n<meta property=\"og:image\" content=\"https:\/\/imqprevencion.es\/wp-content\/uploads\/2022\/07\/wntd2022_banner_1200x628px_fb-es.jpg\" \/>\n\t<meta property=\"og:image:width\" content=\"1200\" \/>\n\t<meta property=\"og:image:height\" content=\"628\" \/>\n\t<meta property=\"og:image:type\" content=\"image\/jpeg\" \/>\n<meta name=\"author\" content=\"IMQ\" \/>\n<meta name=\"twitter:card\" content=\"summary_large_image\" \/>\n<meta name=\"twitter:label1\" content=\"Written by\" \/>\n\t<meta name=\"twitter:data1\" content=\"IMQ\" \/>\n\t<meta name=\"twitter:label2\" content=\"Est. reading time\" \/>\n\t<meta name=\"twitter:data2\" content=\"2 minutes\" \/>\n<script type=\"application\/ld+json\" class=\"yoast-schema-graph\">{\"@context\":\"https:\/\/schema.org\",\"@graph\":[{\"@type\":\"Article\",\"@id\":\"https:\/\/imqprevencion.es\/eu\/informazio-teknikoa\/tabakorik-gabeko-munduko-eguna-2022\/#article\",\"isPartOf\":{\"@id\":\"https:\/\/imqprevencion.es\/eu\/informazio-teknikoa\/tabakorik-gabeko-munduko-eguna-2022\/\"},\"author\":{\"name\":\"IMQ\",\"@id\":\"https:\/\/imqprevencion.es\/eu\/#\/schema\/person\/1e7006ae21851bf923900fab4bfb7927\"},\"headline\":\"Tabakorik gabeko Munduko Eguna 2022\",\"datePublished\":\"2022-05-31T11:59:14+00:00\",\"dateModified\":\"2022-10-04T10:33:22+00:00\",\"mainEntityOfPage\":{\"@id\":\"https:\/\/imqprevencion.es\/eu\/informazio-teknikoa\/tabakorik-gabeko-munduko-eguna-2022\/\"},\"wordCount\":151,\"commentCount\":0,\"publisher\":{\"@id\":\"https:\/\/imqprevencion.es\/eu\/#organization\"},\"articleSection\":[\"Informazio teknikoa\",\"Osasun Zaintza\"],\"inLanguage\":\"eu-ES\",\"potentialAction\":[{\"@type\":\"CommentAction\",\"name\":\"Comment\",\"target\":[\"https:\/\/imqprevencion.es\/eu\/informazio-teknikoa\/tabakorik-gabeko-munduko-eguna-2022\/#respond\"]}]},{\"@type\":\"WebPage\",\"@id\":\"https:\/\/imqprevencion.es\/eu\/informazio-teknikoa\/tabakorik-gabeko-munduko-eguna-2022\/\",\"url\":\"https:\/\/imqprevencion.es\/eu\/informazio-teknikoa\/tabakorik-gabeko-munduko-eguna-2022\/\",\"name\":\"Tabakorik gabeko Munduko Eguna 2022 - IMQ Prevenci\u00f3n\",\"isPartOf\":{\"@id\":\"https:\/\/imqprevencion.es\/eu\/#website\"},\"datePublished\":\"2022-05-31T11:59:14+00:00\",\"dateModified\":\"2022-10-04T10:33:22+00:00\",\"description\":\"Descarga la informaci\u00f3n y haz de tu espacio de trabajo un lugar m\u00e1s saludable.\",\"breadcrumb\":{\"@id\":\"https:\/\/imqprevencion.es\/eu\/informazio-teknikoa\/tabakorik-gabeko-munduko-eguna-2022\/#breadcrumb\"},\"inLanguage\":\"eu-ES\",\"potentialAction\":[{\"@type\":\"ReadAction\",\"target\":[\"https:\/\/imqprevencion.es\/eu\/informazio-teknikoa\/tabakorik-gabeko-munduko-eguna-2022\/\"]}]},{\"@type\":\"BreadcrumbList\",\"@id\":\"https:\/\/imqprevencion.es\/eu\/informazio-teknikoa\/tabakorik-gabeko-munduko-eguna-2022\/#breadcrumb\",\"itemListElement\":[{\"@type\":\"ListItem\",\"position\":1,\"name\":\"Hasiera\",\"item\":\"https:\/\/imqprevencion.es\/eu\/\"},{\"@type\":\"ListItem\",\"position\":2,\"name\":\"Informazio teknikoa\",\"item\":\"https:\/\/imqprevencion.es\/eu\/.\/informazio-teknikoa\/\"},{\"@type\":\"ListItem\",\"position\":3,\"name\":\"Osasun Zaintza\",\"item\":\"https:\/\/imqprevencion.es\/eu\/.\/informazio-teknikoa\/osasun-zaintza\/\"},{\"@type\":\"ListItem\",\"position\":4,\"name\":\"Tabakorik gabeko Munduko Eguna 2022\"}]},{\"@type\":\"WebSite\",\"@id\":\"https:\/\/imqprevencion.es\/eu\/#website\",\"url\":\"https:\/\/imqprevencion.es\/eu\/\",\"name\":\"IMQ Prevenci\u00f3n\",\"description\":\"Servicio de Prevenci\u00f3n de Riesgos Laborales\",\"publisher\":{\"@id\":\"https:\/\/imqprevencion.es\/eu\/#organization\"},\"potentialAction\":[{\"@type\":\"SearchAction\",\"target\":{\"@type\":\"EntryPoint\",\"urlTemplate\":\"https:\/\/imqprevencion.es\/eu\/?s={search_term_string}\"},\"query-input\":\"required name=search_term_string\"}],\"inLanguage\":\"eu-ES\"},{\"@type\":\"Organization\",\"@id\":\"https:\/\/imqprevencion.es\/eu\/#organization\",\"name\":\"IMQ Prevenci\u00f3n\",\"url\":\"https:\/\/imqprevencion.es\/eu\/\",\"logo\":{\"@type\":\"ImageObject\",\"inLanguage\":\"eu-ES\",\"@id\":\"https:\/\/imqprevencion.es\/eu\/#\/schema\/logo\/image\/\",\"url\":\"https:\/\/imqprevencion.es\/wp-content\/uploads\/2022\/05\/IMQ-Blue.svg\",\"contentUrl\":\"https:\/\/imqprevencion.es\/wp-content\/uploads\/2022\/05\/IMQ-Blue.svg\",\"width\":265,\"height\":32,\"caption\":\"IMQ Prevenci\u00f3n\"},\"image\":{\"@id\":\"https:\/\/imqprevencion.es\/eu\/#\/schema\/logo\/image\/\"}},{\"@type\":\"Person\",\"@id\":\"https:\/\/imqprevencion.es\/eu\/#\/schema\/person\/1e7006ae21851bf923900fab4bfb7927\",\"name\":\"IMQ\",\"image\":{\"@type\":\"ImageObject\",\"inLanguage\":\"eu-ES\",\"@id\":\"https:\/\/imqprevencion.es\/eu\/#\/schema\/person\/image\/\",\"url\":\"https:\/\/secure.gravatar.com\/avatar\/e3cba29a577398ec89b42aa8eaa2e0ff1cc2acfbc313860024309332b81c0f45?s=96&d=mm&r=g\",\"contentUrl\":\"https:\/\/secure.gravatar.com\/avatar\/e3cba29a577398ec89b42aa8eaa2e0ff1cc2acfbc313860024309332b81c0f45?s=96&d=mm&r=g\",\"caption\":\"IMQ\"}}]}<\/script>\n<!-- \/ Yoast SEO plugin. -->","yoast_head_json":{"title":"Tabakorik gabeko Munduko Eguna 2022 - IMQ Prevenci\u00f3n","description":"Descarga la informaci\u00f3n y haz de tu espacio de trabajo un lugar m\u00e1s saludable.","robots":{"index":"index","follow":"follow","max-snippet":"max-snippet:-1","max-image-preview":"max-image-preview:large","max-video-preview":"max-video-preview:-1"},"canonical":"https:\/\/imqprevencion.es\/eu\/informazio-teknikoa\/tabakorik-gabeko-munduko-eguna-2022\/","og_locale":"eu_ES","og_type":"article","og_title":"Tabakorik gabeko Munduko Eguna 2022 - IMQ Prevenci\u00f3n","og_description":"Descarga la informaci\u00f3n y haz de tu espacio de trabajo un lugar m\u00e1s saludable.","og_url":"https:\/\/imqprevencion.es\/eu\/informazio-teknikoa\/tabakorik-gabeko-munduko-eguna-2022\/","og_site_name":"IMQ Prevenci\u00f3n","article_published_time":"2022-05-31T11:59:14+00:00","article_modified_time":"2022-10-04T10:33:22+00:00","og_image":[{"width":1200,"height":628,"url":"https:\/\/imqprevencion.es\/wp-content\/uploads\/2022\/07\/wntd2022_banner_1200x628px_fb-es.jpg","type":"image\/jpeg"}],"author":"IMQ","twitter_card":"summary_large_image","twitter_misc":{"Written by":"IMQ","Est. reading time":"2 minutes"},"schema":{"@context":"https:\/\/schema.org","@graph":[{"@type":"Article","@id":"https:\/\/imqprevencion.es\/eu\/informazio-teknikoa\/tabakorik-gabeko-munduko-eguna-2022\/#article","isPartOf":{"@id":"https:\/\/imqprevencion.es\/eu\/informazio-teknikoa\/tabakorik-gabeko-munduko-eguna-2022\/"},"author":{"name":"IMQ","@id":"https:\/\/imqprevencion.es\/eu\/#\/schema\/person\/1e7006ae21851bf923900fab4bfb7927"},"headline":"Tabakorik gabeko Munduko Eguna 2022","datePublished":"2022-05-31T11:59:14+00:00","dateModified":"2022-10-04T10:33:22+00:00","mainEntityOfPage":{"@id":"https:\/\/imqprevencion.es\/eu\/informazio-teknikoa\/tabakorik-gabeko-munduko-eguna-2022\/"},"wordCount":151,"commentCount":0,"publisher":{"@id":"https:\/\/imqprevencion.es\/eu\/#organization"},"articleSection":["Informazio teknikoa","Osasun Zaintza"],"inLanguage":"eu-ES","potentialAction":[{"@type":"CommentAction","name":"Comment","target":["https:\/\/imqprevencion.es\/eu\/informazio-teknikoa\/tabakorik-gabeko-munduko-eguna-2022\/#respond"]}]},{"@type":"WebPage","@id":"https:\/\/imqprevencion.es\/eu\/informazio-teknikoa\/tabakorik-gabeko-munduko-eguna-2022\/","url":"https:\/\/imqprevencion.es\/eu\/informazio-teknikoa\/tabakorik-gabeko-munduko-eguna-2022\/","name":"Tabakorik gabeko Munduko Eguna 2022 - IMQ Prevenci\u00f3n","isPartOf":{"@id":"https:\/\/imqprevencion.es\/eu\/#website"},"datePublished":"2022-05-31T11:59:14+00:00","dateModified":"2022-10-04T10:33:22+00:00","description":"Descarga la informaci\u00f3n y haz de tu espacio de trabajo un lugar m\u00e1s saludable.","breadcrumb":{"@id":"https:\/\/imqprevencion.es\/eu\/informazio-teknikoa\/tabakorik-gabeko-munduko-eguna-2022\/#breadcrumb"},"inLanguage":"eu-ES","potentialAction":[{"@type":"ReadAction","target":["https:\/\/imqprevencion.es\/eu\/informazio-teknikoa\/tabakorik-gabeko-munduko-eguna-2022\/"]}]},{"@type":"BreadcrumbList","@id":"https:\/\/imqprevencion.es\/eu\/informazio-teknikoa\/tabakorik-gabeko-munduko-eguna-2022\/#breadcrumb","itemListElement":[{"@type":"ListItem","position":1,"name":"Hasiera","item":"https:\/\/imqprevencion.es\/eu\/"},{"@type":"ListItem","position":2,"name":"Informazio teknikoa","item":"https:\/\/imqprevencion.es\/eu\/.\/informazio-teknikoa\/"},{"@type":"ListItem","position":3,"name":"Osasun Zaintza","item":"https:\/\/imqprevencion.es\/eu\/.\/informazio-teknikoa\/osasun-zaintza\/"},{"@type":"ListItem","position":4,"name":"Tabakorik gabeko Munduko Eguna 2022"}]},{"@type":"WebSite","@id":"https:\/\/imqprevencion.es\/eu\/#website","url":"https:\/\/imqprevencion.es\/eu\/","name":"IMQ Prevenci\u00f3n","description":"Servicio de Prevenci\u00f3n de Riesgos Laborales","publisher":{"@id":"https:\/\/imqprevencion.es\/eu\/#organization"},"potentialAction":[{"@type":"SearchAction","target":{"@type":"EntryPoint","urlTemplate":"https:\/\/imqprevencion.es\/eu\/?s={search_term_string}"},"query-input":"required name=search_term_string"}],"inLanguage":"eu-ES"},{"@type":"Organization","@id":"https:\/\/imqprevencion.es\/eu\/#organization","name":"IMQ Prevenci\u00f3n","url":"https:\/\/imqprevencion.es\/eu\/","logo":{"@type":"ImageObject","inLanguage":"eu-ES","@id":"https:\/\/imqprevencion.es\/eu\/#\/schema\/logo\/image\/","url":"https:\/\/imqprevencion.es\/wp-content\/uploads\/2022\/05\/IMQ-Blue.svg","contentUrl":"https:\/\/imqprevencion.es\/wp-content\/uploads\/2022\/05\/IMQ-Blue.svg","width":265,"height":32,"caption":"IMQ Prevenci\u00f3n"},"image":{"@id":"https:\/\/imqprevencion.es\/eu\/#\/schema\/logo\/image\/"}},{"@type":"Person","@id":"https:\/\/imqprevencion.es\/eu\/#\/schema\/person\/1e7006ae21851bf923900fab4bfb7927","name":"IMQ","image":{"@type":"ImageObject","inLanguage":"eu-ES","@id":"https:\/\/imqprevencion.es\/eu\/#\/schema\/person\/image\/","url":"https:\/\/secure.gravatar.com\/avatar\/e3cba29a577398ec89b42aa8eaa2e0ff1cc2acfbc313860024309332b81c0f45?s=96&d=mm&r=g","contentUrl":"https:\/\/secure.gravatar.com\/avatar\/e3cba29a577398ec89b42aa8eaa2e0ff1cc2acfbc313860024309332b81c0f45?s=96&d=mm&r=g","caption":"IMQ"}}]}},"_links":{"self":[{"href":"https:\/\/imqprevencion.es\/eu\/wp-json\/wp\/v2\/posts\/14210","targetHints":{"allow":["GET"]}}],"collection":[{"href":"https:\/\/imqprevencion.es\/eu\/wp-json\/wp\/v2\/posts"}],"about":[{"href":"https:\/\/imqprevencion.es\/eu\/wp-json\/wp\/v2\/types\/post"}],"author":[{"embeddable":true,"href":"https:\/\/imqprevencion.es\/eu\/wp-json\/wp\/v2\/users\/2"}],"replies":[{"embeddable":true,"href":"https:\/\/imqprevencion.es\/eu\/wp-json\/wp\/v2\/comments?post=14210"}],"version-history":[{"count":4,"href":"https:\/\/imqprevencion.es\/eu\/wp-json\/wp\/v2\/posts\/14210\/revisions"}],"predecessor-version":[{"id":15646,"href":"https:\/\/imqprevencion.es\/eu\/wp-json\/wp\/v2\/posts\/14210\/revisions\/15646"}],"wp:featuredmedia":[{"embeddable":true,"href":"https:\/\/imqprevencion.es\/eu\/wp-json\/wp\/v2\/media\/12835"}],"wp:attachment":[{"href":"https:\/\/imqprevencion.es\/eu\/wp-json\/wp\/v2\/media?parent=14210"}],"wp:term":[{"taxonomy":"category","embeddable":true,"href":"https:\/\/imqprevencion.es\/eu\/wp-json\/wp\/v2\/categories?post=14210"},{"taxonomy":"post_tag","embeddable":true,"href":"https:\/\/imqprevencion.es\/eu\/wp-json\/wp\/v2\/tags?post=14210"}],"curies":[{"name":"wp","href":"https:\/\/api.w.org\/{rel}","templated":true}]}}