{"id":14204,"date":"2022-04-28T09:13:51","date_gmt":"2022-04-28T09:13:51","guid":{"rendered":"https:\/\/dev.imqprevencion.es\/dia-mundial-de-la-seguridad-y-salud-en-el-trabajo-2022\/"},"modified":"2023-02-22T09:55:49","modified_gmt":"2023-02-22T09:55:49","slug":"laneko-segurtasun-eta-osasunaren-nazioarteko-eguna-2022","status":"publish","type":"post","link":"https:\/\/imqprevencion.es\/eu\/informazio-teknikoa\/laneko-segurtasun-eta-osasunaren-nazioarteko-eguna-2022\/","title":{"rendered":"Laneko Segurtasun eta Osasunaren Nazioarteko Eguna 2022"},"content":{"rendered":"<p><img loading=\"lazy\" decoding=\"async\" class=\"size-large wp-image-3783 aligncenter\" src=\"https:\/\/www.imqprevencion.es\/wp-content\/uploads\/2022\/04\/dm-2022-cabecera.png\" alt=\"dm-2018-cabecera\" width=\"1024\" height=\"563\" \/><\/p>\n<p>Gaur, apirilak 28,\u00a0<strong>Laneko Osasun eta Segurtasunaren Munduko Eguna<\/strong>\u00a0ospatzen da eta\u00a0<strong>IMQ PREVENCI\u00d3N<\/strong>en ere, urtero legez,\u00a0<a href=\"https:\/\/www.ilo.org\/global\/topics\/safety-and-health-at-work\/events-training\/events-meetings\/safeday2021\/lang--es\/index.htm\" target=\"_blank\" rel=\"noopener\">Lanaren Nazioarteko Erakundeak<\/a> antolatutako ospakizunarekin bat egin nahi dugu. Helburua da laneko segurtasunari eta osasunari buruzko kontzientzia areagotzea, eta prebentzioaren kultura sustatzea, lanarekin lotutako heriotzak, lesioak eta gaixotasunak murrizteko.<\/p>\n<p>2022rako kanpainaren ardatza gizartearen parte-hartzea eta elkarrizketa da, segurtasunaren eta osasunaren kultura positiboa lortzeko. Leloa hau da: \u201cElkarrekin jardun segurtasun eta osasun kultura positiboa eraikitzeko\u201d.<\/p>\n<p><small>Iturria: OIT<\/small><\/p>\n","protected":false},"excerpt":{"rendered":"<p>Gaur, apirilak 28,\u00a0Laneko Osasun eta Segurtasunaren Munduko Eguna\u00a0ospatzen da eta\u00a0IMQ PREVENCI\u00d3Nen ere, urtero legez,\u00a0Lanaren Nazioarteko Erakundeak antolatutako ospakizunarekin bat egin nahi dugu. Helburua da laneko segurtasunari eta osasunari buruzko kontzientzia [&hellip;]<\/p>\n","protected":false},"author":2,"featured_media":9468,"comment_status":"open","ping_status":"open","sticky":false,"template":"","format":"standard","meta":{"_price":"","_stock":"","_tribe_ticket_header":"","_tribe_default_ticket_provider":"","_tribe_ticket_capacity":"0","_ticket_start_date":"","_ticket_end_date":"","_tribe_ticket_show_description":"","_tribe_ticket_show_not_going":false,"_tribe_ticket_use_global_stock":"","_tribe_ticket_global_stock_level":"","_global_stock_mode":"","_global_stock_cap":"","_tribe_rsvp_for_event":"","_tribe_ticket_going_count":"","_tribe_ticket_not_going_count":"","_tribe_tickets_list":[],"_tribe_ticket_has_attendee_info_fields":false,"footnotes":""},"categories":[160,262,261,260,259,258],"tags":[],"class_list":["post-14204","post","type-post","status-publish","format-standard","has-post-thumbnail","hentry","category-informazio-teknikoa","category-industria-higienea","category-psikosoziologia-aplikatua","category-segurtasuna","category-osasun-zaintza","category-ergonomia-eu","grve-entry-item","grve-blog-item"],"acf":[],"yoast_head":"<!-- This site is optimized with the Yoast SEO plugin v20.4 - https:\/\/yoast.com\/wordpress\/plugins\/seo\/ -->\n<title>Laneko Segurtasun eta Osasunaren Nazioarteko Eguna 2022 - IMQ Prevenci\u00f3n<\/title>\n<meta name=\"description\" content=\"Descarga la informaci\u00f3n y haz de tu espacio de trabajo un lugar m\u00e1s saludable.\" \/>\n<meta name=\"robots\" content=\"index, follow, max-snippet:-1, max-image-preview:large, max-video-preview:-1\" \/>\n<link rel=\"canonical\" href=\"https:\/\/imqprevencion.es\/eu\/informazio-teknikoa\/laneko-segurtasun-eta-osasunaren-nazioarteko-eguna-2022\/\" \/>\n<meta property=\"og:locale\" content=\"eu_ES\" \/>\n<meta property=\"og:type\" content=\"article\" \/>\n<meta property=\"og:title\" content=\"Laneko Segurtasun eta Osasunaren Nazioarteko Eguna 2022 - IMQ Prevenci\u00f3n\" \/>\n<meta property=\"og:description\" content=\"Descarga la informaci\u00f3n y haz de tu espacio de trabajo un lugar m\u00e1s saludable.\" \/>\n<meta property=\"og:url\" content=\"https:\/\/imqprevencion.es\/eu\/informazio-teknikoa\/laneko-segurtasun-eta-osasunaren-nazioarteko-eguna-2022\/\" \/>\n<meta property=\"og:site_name\" content=\"IMQ Prevenci\u00f3n\" \/>\n<meta property=\"article:published_time\" content=\"2022-04-28T09:13:51+00:00\" \/>\n<meta property=\"article:modified_time\" content=\"2023-02-22T09:55:49+00:00\" \/>\n<meta property=\"og:image\" content=\"https:\/\/imqprevencion.es\/wp-content\/uploads\/2022\/04\/dm-2022-cabecera.png\" \/>\n\t<meta property=\"og:image:width\" content=\"1024\" \/>\n\t<meta property=\"og:image:height\" content=\"563\" \/>\n\t<meta property=\"og:image:type\" content=\"image\/png\" \/>\n<meta name=\"author\" content=\"IMQ\" \/>\n<meta name=\"twitter:card\" content=\"summary_large_image\" \/>\n<meta name=\"twitter:label1\" content=\"Written by\" \/>\n\t<meta name=\"twitter:data1\" content=\"IMQ\" \/>\n\t<meta name=\"twitter:label2\" content=\"Est. reading time\" \/>\n\t<meta name=\"twitter:data2\" content=\"1 minute\" \/>\n<script type=\"application\/ld+json\" class=\"yoast-schema-graph\">{\"@context\":\"https:\/\/schema.org\",\"@graph\":[{\"@type\":\"Article\",\"@id\":\"https:\/\/imqprevencion.es\/eu\/informazio-teknikoa\/laneko-segurtasun-eta-osasunaren-nazioarteko-eguna-2022\/#article\",\"isPartOf\":{\"@id\":\"https:\/\/imqprevencion.es\/eu\/informazio-teknikoa\/laneko-segurtasun-eta-osasunaren-nazioarteko-eguna-2022\/\"},\"author\":{\"name\":\"IMQ\",\"@id\":\"https:\/\/imqprevencion.es\/eu\/#\/schema\/person\/1e7006ae21851bf923900fab4bfb7927\"},\"headline\":\"Laneko Segurtasun eta Osasunaren Nazioarteko Eguna 2022\",\"datePublished\":\"2022-04-28T09:13:51+00:00\",\"dateModified\":\"2023-02-22T09:55:49+00:00\",\"mainEntityOfPage\":{\"@id\":\"https:\/\/imqprevencion.es\/eu\/informazio-teknikoa\/laneko-segurtasun-eta-osasunaren-nazioarteko-eguna-2022\/\"},\"wordCount\":79,\"commentCount\":0,\"publisher\":{\"@id\":\"https:\/\/imqprevencion.es\/eu\/#organization\"},\"articleSection\":[\"Informazio teknikoa\",\"Industria-Higienea\",\"Psikosoziologia Aplikatua\",\"Segurtasuna\",\"Osasun Zaintza\",\"Ergonom\u00eda\"],\"inLanguage\":\"eu-ES\",\"potentialAction\":[{\"@type\":\"CommentAction\",\"name\":\"Comment\",\"target\":[\"https:\/\/imqprevencion.es\/eu\/informazio-teknikoa\/laneko-segurtasun-eta-osasunaren-nazioarteko-eguna-2022\/#respond\"]}]},{\"@type\":\"WebPage\",\"@id\":\"https:\/\/imqprevencion.es\/eu\/informazio-teknikoa\/laneko-segurtasun-eta-osasunaren-nazioarteko-eguna-2022\/\",\"url\":\"https:\/\/imqprevencion.es\/eu\/informazio-teknikoa\/laneko-segurtasun-eta-osasunaren-nazioarteko-eguna-2022\/\",\"name\":\"Laneko Segurtasun eta Osasunaren Nazioarteko Eguna 2022 - IMQ Prevenci\u00f3n\",\"isPartOf\":{\"@id\":\"https:\/\/imqprevencion.es\/eu\/#website\"},\"datePublished\":\"2022-04-28T09:13:51+00:00\",\"dateModified\":\"2023-02-22T09:55:49+00:00\",\"description\":\"Descarga la informaci\u00f3n y haz de tu espacio de trabajo un lugar m\u00e1s saludable.\",\"breadcrumb\":{\"@id\":\"https:\/\/imqprevencion.es\/eu\/informazio-teknikoa\/laneko-segurtasun-eta-osasunaren-nazioarteko-eguna-2022\/#breadcrumb\"},\"inLanguage\":\"eu-ES\",\"potentialAction\":[{\"@type\":\"ReadAction\",\"target\":[\"https:\/\/imqprevencion.es\/eu\/informazio-teknikoa\/laneko-segurtasun-eta-osasunaren-nazioarteko-eguna-2022\/\"]}]},{\"@type\":\"BreadcrumbList\",\"@id\":\"https:\/\/imqprevencion.es\/eu\/informazio-teknikoa\/laneko-segurtasun-eta-osasunaren-nazioarteko-eguna-2022\/#breadcrumb\",\"itemListElement\":[{\"@type\":\"ListItem\",\"position\":1,\"name\":\"Hasiera\",\"item\":\"https:\/\/imqprevencion.es\/eu\/\"},{\"@type\":\"ListItem\",\"position\":2,\"name\":\"Informazio teknikoa\",\"item\":\"https:\/\/imqprevencion.es\/eu\/.\/informazio-teknikoa\/\"},{\"@type\":\"ListItem\",\"position\":3,\"name\":\"Laneko Segurtasun eta Osasunaren Nazioarteko Eguna 2022\"}]},{\"@type\":\"WebSite\",\"@id\":\"https:\/\/imqprevencion.es\/eu\/#website\",\"url\":\"https:\/\/imqprevencion.es\/eu\/\",\"name\":\"IMQ Prevenci\u00f3n\",\"description\":\"Servicio de Prevenci\u00f3n de Riesgos Laborales\",\"publisher\":{\"@id\":\"https:\/\/imqprevencion.es\/eu\/#organization\"},\"potentialAction\":[{\"@type\":\"SearchAction\",\"target\":{\"@type\":\"EntryPoint\",\"urlTemplate\":\"https:\/\/imqprevencion.es\/eu\/?s={search_term_string}\"},\"query-input\":\"required name=search_term_string\"}],\"inLanguage\":\"eu-ES\"},{\"@type\":\"Organization\",\"@id\":\"https:\/\/imqprevencion.es\/eu\/#organization\",\"name\":\"IMQ Prevenci\u00f3n\",\"url\":\"https:\/\/imqprevencion.es\/eu\/\",\"logo\":{\"@type\":\"ImageObject\",\"inLanguage\":\"eu-ES\",\"@id\":\"https:\/\/imqprevencion.es\/eu\/#\/schema\/logo\/image\/\",\"url\":\"https:\/\/imqprevencion.es\/wp-content\/uploads\/2022\/05\/IMQ-Blue.svg\",\"contentUrl\":\"https:\/\/imqprevencion.es\/wp-content\/uploads\/2022\/05\/IMQ-Blue.svg\",\"width\":265,\"height\":32,\"caption\":\"IMQ Prevenci\u00f3n\"},\"image\":{\"@id\":\"https:\/\/imqprevencion.es\/eu\/#\/schema\/logo\/image\/\"}},{\"@type\":\"Person\",\"@id\":\"https:\/\/imqprevencion.es\/eu\/#\/schema\/person\/1e7006ae21851bf923900fab4bfb7927\",\"name\":\"IMQ\",\"image\":{\"@type\":\"ImageObject\",\"inLanguage\":\"eu-ES\",\"@id\":\"https:\/\/imqprevencion.es\/eu\/#\/schema\/person\/image\/\",\"url\":\"https:\/\/secure.gravatar.com\/avatar\/e3cba29a577398ec89b42aa8eaa2e0ff1cc2acfbc313860024309332b81c0f45?s=96&d=mm&r=g\",\"contentUrl\":\"https:\/\/secure.gravatar.com\/avatar\/e3cba29a577398ec89b42aa8eaa2e0ff1cc2acfbc313860024309332b81c0f45?s=96&d=mm&r=g\",\"caption\":\"IMQ\"}}]}<\/script>\n<!-- \/ Yoast SEO plugin. -->","yoast_head_json":{"title":"Laneko Segurtasun eta Osasunaren Nazioarteko Eguna 2022 - IMQ Prevenci\u00f3n","description":"Descarga la informaci\u00f3n y haz de tu espacio de trabajo un lugar m\u00e1s saludable.","robots":{"index":"index","follow":"follow","max-snippet":"max-snippet:-1","max-image-preview":"max-image-preview:large","max-video-preview":"max-video-preview:-1"},"canonical":"https:\/\/imqprevencion.es\/eu\/informazio-teknikoa\/laneko-segurtasun-eta-osasunaren-nazioarteko-eguna-2022\/","og_locale":"eu_ES","og_type":"article","og_title":"Laneko Segurtasun eta Osasunaren Nazioarteko Eguna 2022 - IMQ Prevenci\u00f3n","og_description":"Descarga la informaci\u00f3n y haz de tu espacio de trabajo un lugar m\u00e1s saludable.","og_url":"https:\/\/imqprevencion.es\/eu\/informazio-teknikoa\/laneko-segurtasun-eta-osasunaren-nazioarteko-eguna-2022\/","og_site_name":"IMQ Prevenci\u00f3n","article_published_time":"2022-04-28T09:13:51+00:00","article_modified_time":"2023-02-22T09:55:49+00:00","og_image":[{"width":1024,"height":563,"url":"https:\/\/imqprevencion.es\/wp-content\/uploads\/2022\/04\/dm-2022-cabecera.png","type":"image\/png"}],"author":"IMQ","twitter_card":"summary_large_image","twitter_misc":{"Written by":"IMQ","Est. reading time":"1 minute"},"schema":{"@context":"https:\/\/schema.org","@graph":[{"@type":"Article","@id":"https:\/\/imqprevencion.es\/eu\/informazio-teknikoa\/laneko-segurtasun-eta-osasunaren-nazioarteko-eguna-2022\/#article","isPartOf":{"@id":"https:\/\/imqprevencion.es\/eu\/informazio-teknikoa\/laneko-segurtasun-eta-osasunaren-nazioarteko-eguna-2022\/"},"author":{"name":"IMQ","@id":"https:\/\/imqprevencion.es\/eu\/#\/schema\/person\/1e7006ae21851bf923900fab4bfb7927"},"headline":"Laneko Segurtasun eta Osasunaren Nazioarteko Eguna 2022","datePublished":"2022-04-28T09:13:51+00:00","dateModified":"2023-02-22T09:55:49+00:00","mainEntityOfPage":{"@id":"https:\/\/imqprevencion.es\/eu\/informazio-teknikoa\/laneko-segurtasun-eta-osasunaren-nazioarteko-eguna-2022\/"},"wordCount":79,"commentCount":0,"publisher":{"@id":"https:\/\/imqprevencion.es\/eu\/#organization"},"articleSection":["Informazio teknikoa","Industria-Higienea","Psikosoziologia Aplikatua","Segurtasuna","Osasun Zaintza","Ergonom\u00eda"],"inLanguage":"eu-ES","potentialAction":[{"@type":"CommentAction","name":"Comment","target":["https:\/\/imqprevencion.es\/eu\/informazio-teknikoa\/laneko-segurtasun-eta-osasunaren-nazioarteko-eguna-2022\/#respond"]}]},{"@type":"WebPage","@id":"https:\/\/imqprevencion.es\/eu\/informazio-teknikoa\/laneko-segurtasun-eta-osasunaren-nazioarteko-eguna-2022\/","url":"https:\/\/imqprevencion.es\/eu\/informazio-teknikoa\/laneko-segurtasun-eta-osasunaren-nazioarteko-eguna-2022\/","name":"Laneko Segurtasun eta Osasunaren Nazioarteko Eguna 2022 - IMQ Prevenci\u00f3n","isPartOf":{"@id":"https:\/\/imqprevencion.es\/eu\/#website"},"datePublished":"2022-04-28T09:13:51+00:00","dateModified":"2023-02-22T09:55:49+00:00","description":"Descarga la informaci\u00f3n y haz de tu espacio de trabajo un lugar m\u00e1s saludable.","breadcrumb":{"@id":"https:\/\/imqprevencion.es\/eu\/informazio-teknikoa\/laneko-segurtasun-eta-osasunaren-nazioarteko-eguna-2022\/#breadcrumb"},"inLanguage":"eu-ES","potentialAction":[{"@type":"ReadAction","target":["https:\/\/imqprevencion.es\/eu\/informazio-teknikoa\/laneko-segurtasun-eta-osasunaren-nazioarteko-eguna-2022\/"]}]},{"@type":"BreadcrumbList","@id":"https:\/\/imqprevencion.es\/eu\/informazio-teknikoa\/laneko-segurtasun-eta-osasunaren-nazioarteko-eguna-2022\/#breadcrumb","itemListElement":[{"@type":"ListItem","position":1,"name":"Hasiera","item":"https:\/\/imqprevencion.es\/eu\/"},{"@type":"ListItem","position":2,"name":"Informazio teknikoa","item":"https:\/\/imqprevencion.es\/eu\/.\/informazio-teknikoa\/"},{"@type":"ListItem","position":3,"name":"Laneko Segurtasun eta Osasunaren Nazioarteko Eguna 2022"}]},{"@type":"WebSite","@id":"https:\/\/imqprevencion.es\/eu\/#website","url":"https:\/\/imqprevencion.es\/eu\/","name":"IMQ Prevenci\u00f3n","description":"Servicio de Prevenci\u00f3n de Riesgos Laborales","publisher":{"@id":"https:\/\/imqprevencion.es\/eu\/#organization"},"potentialAction":[{"@type":"SearchAction","target":{"@type":"EntryPoint","urlTemplate":"https:\/\/imqprevencion.es\/eu\/?s={search_term_string}"},"query-input":"required name=search_term_string"}],"inLanguage":"eu-ES"},{"@type":"Organization","@id":"https:\/\/imqprevencion.es\/eu\/#organization","name":"IMQ Prevenci\u00f3n","url":"https:\/\/imqprevencion.es\/eu\/","logo":{"@type":"ImageObject","inLanguage":"eu-ES","@id":"https:\/\/imqprevencion.es\/eu\/#\/schema\/logo\/image\/","url":"https:\/\/imqprevencion.es\/wp-content\/uploads\/2022\/05\/IMQ-Blue.svg","contentUrl":"https:\/\/imqprevencion.es\/wp-content\/uploads\/2022\/05\/IMQ-Blue.svg","width":265,"height":32,"caption":"IMQ Prevenci\u00f3n"},"image":{"@id":"https:\/\/imqprevencion.es\/eu\/#\/schema\/logo\/image\/"}},{"@type":"Person","@id":"https:\/\/imqprevencion.es\/eu\/#\/schema\/person\/1e7006ae21851bf923900fab4bfb7927","name":"IMQ","image":{"@type":"ImageObject","inLanguage":"eu-ES","@id":"https:\/\/imqprevencion.es\/eu\/#\/schema\/person\/image\/","url":"https:\/\/secure.gravatar.com\/avatar\/e3cba29a577398ec89b42aa8eaa2e0ff1cc2acfbc313860024309332b81c0f45?s=96&d=mm&r=g","contentUrl":"https:\/\/secure.gravatar.com\/avatar\/e3cba29a577398ec89b42aa8eaa2e0ff1cc2acfbc313860024309332b81c0f45?s=96&d=mm&r=g","caption":"IMQ"}}]}},"_links":{"self":[{"href":"https:\/\/imqprevencion.es\/eu\/wp-json\/wp\/v2\/posts\/14204","targetHints":{"allow":["GET"]}}],"collection":[{"href":"https:\/\/imqprevencion.es\/eu\/wp-json\/wp\/v2\/posts"}],"about":[{"href":"https:\/\/imqprevencion.es\/eu\/wp-json\/wp\/v2\/types\/post"}],"author":[{"embeddable":true,"href":"https:\/\/imqprevencion.es\/eu\/wp-json\/wp\/v2\/users\/2"}],"replies":[{"embeddable":true,"href":"https:\/\/imqprevencion.es\/eu\/wp-json\/wp\/v2\/comments?post=14204"}],"version-history":[{"count":2,"href":"https:\/\/imqprevencion.es\/eu\/wp-json\/wp\/v2\/posts\/14204\/revisions"}],"predecessor-version":[{"id":14206,"href":"https:\/\/imqprevencion.es\/eu\/wp-json\/wp\/v2\/posts\/14204\/revisions\/14206"}],"wp:featuredmedia":[{"embeddable":true,"href":"https:\/\/imqprevencion.es\/eu\/wp-json\/wp\/v2\/media\/9468"}],"wp:attachment":[{"href":"https:\/\/imqprevencion.es\/eu\/wp-json\/wp\/v2\/media?parent=14204"}],"wp:term":[{"taxonomy":"category","embeddable":true,"href":"https:\/\/imqprevencion.es\/eu\/wp-json\/wp\/v2\/categories?post=14204"},{"taxonomy":"post_tag","embeddable":true,"href":"https:\/\/imqprevencion.es\/eu\/wp-json\/wp\/v2\/tags?post=14204"}],"curies":[{"name":"wp","href":"https:\/\/api.w.org\/{rel}","templated":true}]}}