{"id":14196,"date":"2022-04-27T12:05:10","date_gmt":"2022-04-27T12:05:10","guid":{"rendered":"https:\/\/dev.imqprevencion.es\/nueva-normativa-mascarilla\/"},"modified":"2023-02-22T09:59:23","modified_gmt":"2023-02-22T09:59:23","slug":"maskararen-erabilerari-buruzko-araudi-berria","status":"publish","type":"post","link":"https:\/\/imqprevencion.es\/eu\/informazio-teknikoa\/maskararen-erabilerari-buruzko-araudi-berria\/","title":{"rendered":"Maskararen erabilerari buruzko araudi berria"},"content":{"rendered":"<p><b><img loading=\"lazy\" decoding=\"async\" class=\"alignnone wp-image-9311 size-large\" src=\"http:\/\/dev.imqprevencion.es\/wp-content\/uploads\/2022\/04\/pexels-anna-shvets-5953544-1024x683.jpg\" alt=\"\" width=\"1024\" height=\"683\" srcset=\"https:\/\/imqprevencion.es\/wp-content\/uploads\/2022\/04\/pexels-anna-shvets-5953544-1024x683.jpg 1024w, https:\/\/imqprevencion.es\/wp-content\/uploads\/2022\/04\/pexels-anna-shvets-5953544-300x200.jpg 300w, https:\/\/imqprevencion.es\/wp-content\/uploads\/2022\/04\/pexels-anna-shvets-5953544-768x512.jpg 768w, https:\/\/imqprevencion.es\/wp-content\/uploads\/2022\/04\/pexels-anna-shvets-5953544-1536x1024.jpg 1536w, https:\/\/imqprevencion.es\/wp-content\/uploads\/2022\/04\/pexels-anna-shvets-5953544-1920x1280.jpg 1920w\" sizes=\"auto, (max-width: 1024px) 100vw, 1024px\" \/><\/b><\/p>\n<p><b>2022\/04\/20tik aurrera, 286\/2022 Errege Dekretua indarrean sartu zenetik, lan-ingurunean eta, oro har, ez da nahitaezkoa maskara erabiltzea.<\/b><\/p>\n<p>COVID-19aren aurkako maskara erabiltzea nahitaezkoa da:<em><br \/>\n<\/em><\/p>\n<ul>\n<li>Osasun-zentro, -zerbitzu eta -establezimenduetako langileak eta bisitariak.<\/li>\n<li>Langileak eta bisitariak gizarte- eta osasun-zentroetako gune partekatuetan.<\/li>\n<li>Garraiobide publikoak.<\/li>\n<li>Betebehar hau ez da eskatuko ezaugarri pertsonal jakinetan edo zenbait lan-jardueraren ezaugarri batzuen kasuan.<\/li>\n<li>COVID-19arekin bateragarria den sintomatologia duten pertsonak, baieztatutako kasuak izan ala ez, baita baieztatutako kasuen kontaktu estuak ere.<\/li>\n<\/ul>\n<p>Maskara arduraz erabiltzea gomendatzen da:<\/p>\n<ul>\n<li>1,5 metrotik beherako distantziako pertsonekin kontaktu luzea duen edozein egoeratan dauden pertsona kalteberak.<\/li>\n<li>Lan-eremuan, lana pertsona arteko 1,5 metrotik beherako distantzian egin behar bada eta\/edo espazioaren aireztapen egokia bermatu ezin bada. Bilera-gelak, aldagelak, komunak, etab.<\/li>\n<li>Garraiobide partekatuak erabiltzea.<\/li>\n<\/ul>\n","protected":false},"excerpt":{"rendered":"<p>2022\/04\/20tik aurrera, 286\/2022 Errege Dekretua indarrean sartu zenetik, lan-ingurunean eta, oro har, ez da nahitaezkoa maskara erabiltzea. COVID-19aren aurkako maskara erabiltzea nahitaezkoa da: Osasun-zentro, -zerbitzu eta -establezimenduetako langileak eta bisitariak. [&hellip;]<\/p>\n","protected":false},"author":1,"featured_media":9469,"comment_status":"open","ping_status":"open","sticky":false,"template":"","format":"standard","meta":{"_price":"","_stock":"","_tribe_ticket_header":"","_tribe_default_ticket_provider":"","_tribe_ticket_capacity":"0","_ticket_start_date":"","_ticket_end_date":"","_tribe_ticket_show_description":"","_tribe_ticket_show_not_going":false,"_tribe_ticket_use_global_stock":"","_tribe_ticket_global_stock_level":"","_global_stock_mode":"","_global_stock_cap":"","_tribe_rsvp_for_event":"","_tribe_ticket_going_count":"","_tribe_ticket_not_going_count":"","_tribe_tickets_list":[],"_tribe_ticket_has_attendee_info_fields":false,"footnotes":""},"categories":[160,259,260],"tags":[],"class_list":["post-14196","post","type-post","status-publish","format-standard","has-post-thumbnail","hentry","category-informazio-teknikoa","category-osasun-zaintza","category-segurtasuna","grve-entry-item","grve-blog-item"],"acf":[],"yoast_head":"<!-- This site is optimized with the Yoast SEO plugin v20.4 - https:\/\/yoast.com\/wordpress\/plugins\/seo\/ -->\n<title>Maskararen erabilerari buruzko araudi berria - IMQ Prevenci\u00f3n<\/title>\n<meta name=\"description\" content=\"Descarga la informaci\u00f3n y haz de tu espacio de trabajo un lugar m\u00e1s saludable.\" \/>\n<meta name=\"robots\" content=\"index, follow, max-snippet:-1, max-image-preview:large, max-video-preview:-1\" \/>\n<link rel=\"canonical\" href=\"https:\/\/imqprevencion.es\/eu\/informazio-teknikoa\/maskararen-erabilerari-buruzko-araudi-berria\/\" \/>\n<meta property=\"og:locale\" content=\"eu_ES\" \/>\n<meta property=\"og:type\" content=\"article\" \/>\n<meta property=\"og:title\" content=\"Maskararen erabilerari buruzko araudi berria - IMQ Prevenci\u00f3n\" \/>\n<meta property=\"og:description\" content=\"Descarga la informaci\u00f3n y haz de tu espacio de trabajo un lugar m\u00e1s saludable.\" \/>\n<meta property=\"og:url\" content=\"https:\/\/imqprevencion.es\/eu\/informazio-teknikoa\/maskararen-erabilerari-buruzko-araudi-berria\/\" \/>\n<meta property=\"og:site_name\" content=\"IMQ Prevenci\u00f3n\" \/>\n<meta property=\"article:published_time\" content=\"2022-04-27T12:05:10+00:00\" \/>\n<meta property=\"article:modified_time\" content=\"2023-02-22T09:59:23+00:00\" \/>\n<meta property=\"og:image\" content=\"https:\/\/imqprevencion.es\/wp-content\/uploads\/2022\/04\/pexels-anna-shvets-5953544-scaled.jpg\" \/>\n\t<meta property=\"og:image:width\" content=\"2560\" \/>\n\t<meta property=\"og:image:height\" content=\"1707\" \/>\n\t<meta property=\"og:image:type\" content=\"image\/jpeg\" \/>\n<meta name=\"author\" content=\"developer\" \/>\n<meta name=\"twitter:card\" content=\"summary_large_image\" \/>\n<meta name=\"twitter:label1\" content=\"Written by\" \/>\n\t<meta name=\"twitter:data1\" content=\"developer\" \/>\n\t<meta name=\"twitter:label2\" content=\"Est. reading time\" \/>\n\t<meta name=\"twitter:data2\" content=\"1 minute\" \/>\n<script type=\"application\/ld+json\" class=\"yoast-schema-graph\">{\"@context\":\"https:\/\/schema.org\",\"@graph\":[{\"@type\":\"Article\",\"@id\":\"https:\/\/imqprevencion.es\/eu\/informazio-teknikoa\/maskararen-erabilerari-buruzko-araudi-berria\/#article\",\"isPartOf\":{\"@id\":\"https:\/\/imqprevencion.es\/eu\/informazio-teknikoa\/maskararen-erabilerari-buruzko-araudi-berria\/\"},\"author\":{\"name\":\"developer\",\"@id\":\"https:\/\/imqprevencion.es\/eu\/#\/schema\/person\/2e5941d0bed1c48135c8d48738616a03\"},\"headline\":\"Maskararen erabilerari buruzko araudi berria\",\"datePublished\":\"2022-04-27T12:05:10+00:00\",\"dateModified\":\"2023-02-22T09:59:23+00:00\",\"mainEntityOfPage\":{\"@id\":\"https:\/\/imqprevencion.es\/eu\/informazio-teknikoa\/maskararen-erabilerari-buruzko-araudi-berria\/\"},\"wordCount\":119,\"commentCount\":0,\"publisher\":{\"@id\":\"https:\/\/imqprevencion.es\/eu\/#organization\"},\"articleSection\":[\"Informazio teknikoa\",\"Osasun Zaintza\",\"Segurtasuna\"],\"inLanguage\":\"eu-ES\",\"potentialAction\":[{\"@type\":\"CommentAction\",\"name\":\"Comment\",\"target\":[\"https:\/\/imqprevencion.es\/eu\/informazio-teknikoa\/maskararen-erabilerari-buruzko-araudi-berria\/#respond\"]}]},{\"@type\":\"WebPage\",\"@id\":\"https:\/\/imqprevencion.es\/eu\/informazio-teknikoa\/maskararen-erabilerari-buruzko-araudi-berria\/\",\"url\":\"https:\/\/imqprevencion.es\/eu\/informazio-teknikoa\/maskararen-erabilerari-buruzko-araudi-berria\/\",\"name\":\"Maskararen erabilerari buruzko araudi berria - IMQ Prevenci\u00f3n\",\"isPartOf\":{\"@id\":\"https:\/\/imqprevencion.es\/eu\/#website\"},\"datePublished\":\"2022-04-27T12:05:10+00:00\",\"dateModified\":\"2023-02-22T09:59:23+00:00\",\"description\":\"Descarga la informaci\u00f3n y haz de tu espacio de trabajo un lugar m\u00e1s saludable.\",\"breadcrumb\":{\"@id\":\"https:\/\/imqprevencion.es\/eu\/informazio-teknikoa\/maskararen-erabilerari-buruzko-araudi-berria\/#breadcrumb\"},\"inLanguage\":\"eu-ES\",\"potentialAction\":[{\"@type\":\"ReadAction\",\"target\":[\"https:\/\/imqprevencion.es\/eu\/informazio-teknikoa\/maskararen-erabilerari-buruzko-araudi-berria\/\"]}]},{\"@type\":\"BreadcrumbList\",\"@id\":\"https:\/\/imqprevencion.es\/eu\/informazio-teknikoa\/maskararen-erabilerari-buruzko-araudi-berria\/#breadcrumb\",\"itemListElement\":[{\"@type\":\"ListItem\",\"position\":1,\"name\":\"Hasiera\",\"item\":\"https:\/\/imqprevencion.es\/eu\/\"},{\"@type\":\"ListItem\",\"position\":2,\"name\":\"Informazio teknikoa\",\"item\":\"https:\/\/imqprevencion.es\/eu\/.\/informazio-teknikoa\/\"},{\"@type\":\"ListItem\",\"position\":3,\"name\":\"Maskararen erabilerari buruzko araudi berria\"}]},{\"@type\":\"WebSite\",\"@id\":\"https:\/\/imqprevencion.es\/eu\/#website\",\"url\":\"https:\/\/imqprevencion.es\/eu\/\",\"name\":\"IMQ Prevenci\u00f3n\",\"description\":\"Servicio de Prevenci\u00f3n de Riesgos Laborales\",\"publisher\":{\"@id\":\"https:\/\/imqprevencion.es\/eu\/#organization\"},\"potentialAction\":[{\"@type\":\"SearchAction\",\"target\":{\"@type\":\"EntryPoint\",\"urlTemplate\":\"https:\/\/imqprevencion.es\/eu\/?s={search_term_string}\"},\"query-input\":\"required name=search_term_string\"}],\"inLanguage\":\"eu-ES\"},{\"@type\":\"Organization\",\"@id\":\"https:\/\/imqprevencion.es\/eu\/#organization\",\"name\":\"IMQ Prevenci\u00f3n\",\"url\":\"https:\/\/imqprevencion.es\/eu\/\",\"logo\":{\"@type\":\"ImageObject\",\"inLanguage\":\"eu-ES\",\"@id\":\"https:\/\/imqprevencion.es\/eu\/#\/schema\/logo\/image\/\",\"url\":\"https:\/\/imqprevencion.es\/wp-content\/uploads\/2022\/05\/IMQ-Blue.svg\",\"contentUrl\":\"https:\/\/imqprevencion.es\/wp-content\/uploads\/2022\/05\/IMQ-Blue.svg\",\"width\":265,\"height\":32,\"caption\":\"IMQ Prevenci\u00f3n\"},\"image\":{\"@id\":\"https:\/\/imqprevencion.es\/eu\/#\/schema\/logo\/image\/\"}},{\"@type\":\"Person\",\"@id\":\"https:\/\/imqprevencion.es\/eu\/#\/schema\/person\/2e5941d0bed1c48135c8d48738616a03\",\"name\":\"developer\",\"image\":{\"@type\":\"ImageObject\",\"inLanguage\":\"eu-ES\",\"@id\":\"https:\/\/imqprevencion.es\/eu\/#\/schema\/person\/image\/\",\"url\":\"https:\/\/secure.gravatar.com\/avatar\/1d5de173738471299019f98ab79d044b4b58fd944eae1faed63e33680b257663?s=96&d=mm&r=g\",\"contentUrl\":\"https:\/\/secure.gravatar.com\/avatar\/1d5de173738471299019f98ab79d044b4b58fd944eae1faed63e33680b257663?s=96&d=mm&r=g\",\"caption\":\"developer\"},\"sameAs\":[\"https:\/\/imqprevencion.zorraquino.info\"]}]}<\/script>\n<!-- \/ Yoast SEO plugin. -->","yoast_head_json":{"title":"Maskararen erabilerari buruzko araudi berria - IMQ Prevenci\u00f3n","description":"Descarga la informaci\u00f3n y haz de tu espacio de trabajo un lugar m\u00e1s saludable.","robots":{"index":"index","follow":"follow","max-snippet":"max-snippet:-1","max-image-preview":"max-image-preview:large","max-video-preview":"max-video-preview:-1"},"canonical":"https:\/\/imqprevencion.es\/eu\/informazio-teknikoa\/maskararen-erabilerari-buruzko-araudi-berria\/","og_locale":"eu_ES","og_type":"article","og_title":"Maskararen erabilerari buruzko araudi berria - IMQ Prevenci\u00f3n","og_description":"Descarga la informaci\u00f3n y haz de tu espacio de trabajo un lugar m\u00e1s saludable.","og_url":"https:\/\/imqprevencion.es\/eu\/informazio-teknikoa\/maskararen-erabilerari-buruzko-araudi-berria\/","og_site_name":"IMQ Prevenci\u00f3n","article_published_time":"2022-04-27T12:05:10+00:00","article_modified_time":"2023-02-22T09:59:23+00:00","og_image":[{"width":2560,"height":1707,"url":"https:\/\/imqprevencion.es\/wp-content\/uploads\/2022\/04\/pexels-anna-shvets-5953544-scaled.jpg","type":"image\/jpeg"}],"author":"developer","twitter_card":"summary_large_image","twitter_misc":{"Written by":"developer","Est. reading time":"1 minute"},"schema":{"@context":"https:\/\/schema.org","@graph":[{"@type":"Article","@id":"https:\/\/imqprevencion.es\/eu\/informazio-teknikoa\/maskararen-erabilerari-buruzko-araudi-berria\/#article","isPartOf":{"@id":"https:\/\/imqprevencion.es\/eu\/informazio-teknikoa\/maskararen-erabilerari-buruzko-araudi-berria\/"},"author":{"name":"developer","@id":"https:\/\/imqprevencion.es\/eu\/#\/schema\/person\/2e5941d0bed1c48135c8d48738616a03"},"headline":"Maskararen erabilerari buruzko araudi berria","datePublished":"2022-04-27T12:05:10+00:00","dateModified":"2023-02-22T09:59:23+00:00","mainEntityOfPage":{"@id":"https:\/\/imqprevencion.es\/eu\/informazio-teknikoa\/maskararen-erabilerari-buruzko-araudi-berria\/"},"wordCount":119,"commentCount":0,"publisher":{"@id":"https:\/\/imqprevencion.es\/eu\/#organization"},"articleSection":["Informazio teknikoa","Osasun Zaintza","Segurtasuna"],"inLanguage":"eu-ES","potentialAction":[{"@type":"CommentAction","name":"Comment","target":["https:\/\/imqprevencion.es\/eu\/informazio-teknikoa\/maskararen-erabilerari-buruzko-araudi-berria\/#respond"]}]},{"@type":"WebPage","@id":"https:\/\/imqprevencion.es\/eu\/informazio-teknikoa\/maskararen-erabilerari-buruzko-araudi-berria\/","url":"https:\/\/imqprevencion.es\/eu\/informazio-teknikoa\/maskararen-erabilerari-buruzko-araudi-berria\/","name":"Maskararen erabilerari buruzko araudi berria - IMQ Prevenci\u00f3n","isPartOf":{"@id":"https:\/\/imqprevencion.es\/eu\/#website"},"datePublished":"2022-04-27T12:05:10+00:00","dateModified":"2023-02-22T09:59:23+00:00","description":"Descarga la informaci\u00f3n y haz de tu espacio de trabajo un lugar m\u00e1s saludable.","breadcrumb":{"@id":"https:\/\/imqprevencion.es\/eu\/informazio-teknikoa\/maskararen-erabilerari-buruzko-araudi-berria\/#breadcrumb"},"inLanguage":"eu-ES","potentialAction":[{"@type":"ReadAction","target":["https:\/\/imqprevencion.es\/eu\/informazio-teknikoa\/maskararen-erabilerari-buruzko-araudi-berria\/"]}]},{"@type":"BreadcrumbList","@id":"https:\/\/imqprevencion.es\/eu\/informazio-teknikoa\/maskararen-erabilerari-buruzko-araudi-berria\/#breadcrumb","itemListElement":[{"@type":"ListItem","position":1,"name":"Hasiera","item":"https:\/\/imqprevencion.es\/eu\/"},{"@type":"ListItem","position":2,"name":"Informazio teknikoa","item":"https:\/\/imqprevencion.es\/eu\/.\/informazio-teknikoa\/"},{"@type":"ListItem","position":3,"name":"Maskararen erabilerari buruzko araudi berria"}]},{"@type":"WebSite","@id":"https:\/\/imqprevencion.es\/eu\/#website","url":"https:\/\/imqprevencion.es\/eu\/","name":"IMQ Prevenci\u00f3n","description":"Servicio de Prevenci\u00f3n de Riesgos Laborales","publisher":{"@id":"https:\/\/imqprevencion.es\/eu\/#organization"},"potentialAction":[{"@type":"SearchAction","target":{"@type":"EntryPoint","urlTemplate":"https:\/\/imqprevencion.es\/eu\/?s={search_term_string}"},"query-input":"required name=search_term_string"}],"inLanguage":"eu-ES"},{"@type":"Organization","@id":"https:\/\/imqprevencion.es\/eu\/#organization","name":"IMQ Prevenci\u00f3n","url":"https:\/\/imqprevencion.es\/eu\/","logo":{"@type":"ImageObject","inLanguage":"eu-ES","@id":"https:\/\/imqprevencion.es\/eu\/#\/schema\/logo\/image\/","url":"https:\/\/imqprevencion.es\/wp-content\/uploads\/2022\/05\/IMQ-Blue.svg","contentUrl":"https:\/\/imqprevencion.es\/wp-content\/uploads\/2022\/05\/IMQ-Blue.svg","width":265,"height":32,"caption":"IMQ Prevenci\u00f3n"},"image":{"@id":"https:\/\/imqprevencion.es\/eu\/#\/schema\/logo\/image\/"}},{"@type":"Person","@id":"https:\/\/imqprevencion.es\/eu\/#\/schema\/person\/2e5941d0bed1c48135c8d48738616a03","name":"developer","image":{"@type":"ImageObject","inLanguage":"eu-ES","@id":"https:\/\/imqprevencion.es\/eu\/#\/schema\/person\/image\/","url":"https:\/\/secure.gravatar.com\/avatar\/1d5de173738471299019f98ab79d044b4b58fd944eae1faed63e33680b257663?s=96&d=mm&r=g","contentUrl":"https:\/\/secure.gravatar.com\/avatar\/1d5de173738471299019f98ab79d044b4b58fd944eae1faed63e33680b257663?s=96&d=mm&r=g","caption":"developer"},"sameAs":["https:\/\/imqprevencion.zorraquino.info"]}]}},"_links":{"self":[{"href":"https:\/\/imqprevencion.es\/eu\/wp-json\/wp\/v2\/posts\/14196","targetHints":{"allow":["GET"]}}],"collection":[{"href":"https:\/\/imqprevencion.es\/eu\/wp-json\/wp\/v2\/posts"}],"about":[{"href":"https:\/\/imqprevencion.es\/eu\/wp-json\/wp\/v2\/types\/post"}],"author":[{"embeddable":true,"href":"https:\/\/imqprevencion.es\/eu\/wp-json\/wp\/v2\/users\/1"}],"replies":[{"embeddable":true,"href":"https:\/\/imqprevencion.es\/eu\/wp-json\/wp\/v2\/comments?post=14196"}],"version-history":[{"count":2,"href":"https:\/\/imqprevencion.es\/eu\/wp-json\/wp\/v2\/posts\/14196\/revisions"}],"predecessor-version":[{"id":15648,"href":"https:\/\/imqprevencion.es\/eu\/wp-json\/wp\/v2\/posts\/14196\/revisions\/15648"}],"wp:featuredmedia":[{"embeddable":true,"href":"https:\/\/imqprevencion.es\/eu\/wp-json\/wp\/v2\/media\/9469"}],"wp:attachment":[{"href":"https:\/\/imqprevencion.es\/eu\/wp-json\/wp\/v2\/media?parent=14196"}],"wp:term":[{"taxonomy":"category","embeddable":true,"href":"https:\/\/imqprevencion.es\/eu\/wp-json\/wp\/v2\/categories?post=14196"},{"taxonomy":"post_tag","embeddable":true,"href":"https:\/\/imqprevencion.es\/eu\/wp-json\/wp\/v2\/tags?post=14196"}],"curies":[{"name":"wp","href":"https:\/\/api.w.org\/{rel}","templated":true}]}}