{"id":14168,"date":"2022-01-28T13:32:26","date_gmt":"2022-01-28T13:32:26","guid":{"rendered":"https:\/\/dev.imqprevencion.es\/campana-cancer-laboral\/"},"modified":"2022-10-04T10:22:16","modified_gmt":"2022-10-04T10:22:16","slug":"campana-cancer-laboral","status":"publish","type":"post","link":"https:\/\/imqprevencion.es\/eu\/informazio-teknikoa\/campana-cancer-laboral\/","title":{"rendered":"&#8220;Saihestu dezagun gaur biharko laneko minbizia&#8221; kanpaina"},"content":{"rendered":"<p><!--:es--><\/p>\n<p><a href=\"https:\/\/www.insst.es\/evitemos-hoy-el-cancer-laboral-de-manana\"><img loading=\"lazy\" decoding=\"async\" class=\"alignnone wp-image-10846 size-full\" src=\"http:\/\/dev.imqprevencion.es\/wp-content\/uploads\/2022\/01\/FJ-EbL8WQAAsbHp-1.jpeg\" alt=\"\" width=\"1418\" height=\"799\" srcset=\"https:\/\/imqprevencion.es\/wp-content\/uploads\/2022\/01\/FJ-EbL8WQAAsbHp-1.jpeg 1418w, https:\/\/imqprevencion.es\/wp-content\/uploads\/2022\/01\/FJ-EbL8WQAAsbHp-1-300x169.jpeg 300w, https:\/\/imqprevencion.es\/wp-content\/uploads\/2022\/01\/FJ-EbL8WQAAsbHp-1-1024x577.jpeg 1024w, https:\/\/imqprevencion.es\/wp-content\/uploads\/2022\/01\/FJ-EbL8WQAAsbHp-1-768x433.jpeg 768w, https:\/\/imqprevencion.es\/wp-content\/uploads\/2022\/01\/FJ-EbL8WQAAsbHp-1-1390x782.jpeg 1390w\" sizes=\"auto, (max-width: 1418px) 100vw, 1418px\" \/><\/a><\/p>\n<p>Laneko jatorria duten minbizi gehienak saihestu litezke prebentzio-neurri egokiak hartuz gero. Agente kantzerigenoen edo horiek sortzen dituzten prozesuen presentzia identifikatzea da esposizioa saihesteko lehen urratsa.<\/p>\n<p>Horregatik, INSSTk sustatutako kanpaina hau guzti-guztiengana iristea behar dugu: langileengana, enpresetako arduradunengana eta prebentzio-zerbitzuetara. Denon artean egin dezakegu.<\/p>\n<p>Hauek dira zure erakundean egin ditzakezun ekimenetako batzuk:<\/p>\n<p>Deskargatu kanpainako materialak.<\/p>\n<ul>\n<li>Partekatu eta zabaldu informazio hau eta materialak zure laguntzaile, bazkide eta kontaktuekin, zabaldu ahal izan dezaten.<\/li>\n<li>Egin ezazu kanpainaren berri zure webgunean eta sare sozialetan (bannerra deskargatu eta zure webgunean erabil dezakezu).<\/li>\n<li>Kanpaina zabaltzeko hitzaldiak, jardunaldiak edo webguneak antolatzen ditu.<\/li>\n<li>Konta iezazkiguzu zure esperientziak eta jardunbide egokiak, zure adibideak beste batzuei lagun diezaien, eta proposatu ekimen berriak postontzi honetan: <a href=\"mailto:actuayacontraelcancerlaboral@insst.mites.gob.es\">actuayacontraelcancerlaboral@insst.mites.gob.es<\/a><\/li>\n<\/ul>\n","protected":false},"excerpt":{"rendered":"<p>Laneko jatorria duten minbizi gehienak saihestu litezke prebentzio-neurri egokiak hartuz gero. Agente kantzerigenoen edo horiek sortzen dituzten prozesuen presentzia identifikatzea da esposizioa saihesteko lehen urratsa. Horregatik, INSSTk sustatutako kanpaina hau [&hellip;]<\/p>\n","protected":false},"author":1,"featured_media":10847,"comment_status":"open","ping_status":"open","sticky":false,"template":"","format":"standard","meta":{"_price":"","_stock":"","_tribe_ticket_header":"","_tribe_default_ticket_provider":"","_tribe_ticket_capacity":"0","_ticket_start_date":"","_ticket_end_date":"","_tribe_ticket_show_description":"","_tribe_ticket_show_not_going":false,"_tribe_ticket_use_global_stock":"","_tribe_ticket_global_stock_level":"","_global_stock_mode":"","_global_stock_cap":"","_tribe_rsvp_for_event":"","_tribe_ticket_going_count":"","_tribe_ticket_not_going_count":"","_tribe_tickets_list":[],"_tribe_ticket_has_attendee_info_fields":false,"footnotes":""},"categories":[160,259,260],"tags":[],"class_list":["post-14168","post","type-post","status-publish","format-standard","has-post-thumbnail","hentry","category-informazio-teknikoa","category-osasun-zaintza","category-segurtasuna","grve-entry-item","grve-blog-item"],"acf":[],"yoast_head":"<!-- This site is optimized with the Yoast SEO plugin v20.4 - https:\/\/yoast.com\/wordpress\/plugins\/seo\/ -->\n<title>&quot;Saihestu dezagun gaur biharko laneko minbizia&quot; kanpaina - IMQ Prevenci\u00f3n<\/title>\n<meta name=\"description\" content=\"Descarga la informaci\u00f3n y haz de tu espacio de trabajo un lugar m\u00e1s saludable.\" \/>\n<meta name=\"robots\" content=\"index, follow, max-snippet:-1, max-image-preview:large, max-video-preview:-1\" \/>\n<link rel=\"canonical\" href=\"https:\/\/imqprevencion.es\/eu\/informazio-teknikoa\/campana-cancer-laboral\/\" \/>\n<meta property=\"og:locale\" content=\"eu_ES\" \/>\n<meta property=\"og:type\" content=\"article\" \/>\n<meta property=\"og:title\" content=\"&quot;Saihestu dezagun gaur biharko laneko minbizia&quot; kanpaina - IMQ Prevenci\u00f3n\" \/>\n<meta property=\"og:description\" content=\"Descarga la informaci\u00f3n y haz de tu espacio de trabajo un lugar m\u00e1s saludable.\" \/>\n<meta property=\"og:url\" content=\"https:\/\/imqprevencion.es\/eu\/informazio-teknikoa\/campana-cancer-laboral\/\" \/>\n<meta property=\"og:site_name\" content=\"IMQ Prevenci\u00f3n\" \/>\n<meta property=\"article:published_time\" content=\"2022-01-28T13:32:26+00:00\" \/>\n<meta property=\"article:modified_time\" content=\"2022-10-04T10:22:16+00:00\" \/>\n<meta property=\"og:image\" content=\"https:\/\/imqprevencion.es\/wp-content\/uploads\/2022\/01\/FJ-EbL8WQAAsbHp-1.jpeg\" \/>\n\t<meta property=\"og:image:width\" content=\"1418\" \/>\n\t<meta property=\"og:image:height\" content=\"799\" \/>\n\t<meta property=\"og:image:type\" content=\"image\/jpeg\" \/>\n<meta name=\"author\" content=\"developer\" \/>\n<meta name=\"twitter:card\" content=\"summary_large_image\" \/>\n<meta name=\"twitter:label1\" content=\"Written by\" \/>\n\t<meta name=\"twitter:data1\" content=\"developer\" \/>\n\t<meta name=\"twitter:label2\" content=\"Est. reading time\" \/>\n\t<meta name=\"twitter:data2\" content=\"1 minute\" \/>\n<script type=\"application\/ld+json\" class=\"yoast-schema-graph\">{\"@context\":\"https:\/\/schema.org\",\"@graph\":[{\"@type\":\"Article\",\"@id\":\"https:\/\/imqprevencion.es\/eu\/informazio-teknikoa\/campana-cancer-laboral\/#article\",\"isPartOf\":{\"@id\":\"https:\/\/imqprevencion.es\/eu\/informazio-teknikoa\/campana-cancer-laboral\/\"},\"author\":{\"name\":\"developer\",\"@id\":\"https:\/\/imqprevencion.es\/eu\/#\/schema\/person\/2e5941d0bed1c48135c8d48738616a03\"},\"headline\":\"&#8220;Saihestu dezagun gaur biharko laneko minbizia&#8221; kanpaina\",\"datePublished\":\"2022-01-28T13:32:26+00:00\",\"dateModified\":\"2022-10-04T10:22:16+00:00\",\"mainEntityOfPage\":{\"@id\":\"https:\/\/imqprevencion.es\/eu\/informazio-teknikoa\/campana-cancer-laboral\/\"},\"wordCount\":125,\"commentCount\":0,\"publisher\":{\"@id\":\"https:\/\/imqprevencion.es\/eu\/#organization\"},\"articleSection\":[\"Informazio teknikoa\",\"Osasun Zaintza\",\"Segurtasuna\"],\"inLanguage\":\"eu-ES\",\"potentialAction\":[{\"@type\":\"CommentAction\",\"name\":\"Comment\",\"target\":[\"https:\/\/imqprevencion.es\/eu\/informazio-teknikoa\/campana-cancer-laboral\/#respond\"]}]},{\"@type\":\"WebPage\",\"@id\":\"https:\/\/imqprevencion.es\/eu\/informazio-teknikoa\/campana-cancer-laboral\/\",\"url\":\"https:\/\/imqprevencion.es\/eu\/informazio-teknikoa\/campana-cancer-laboral\/\",\"name\":\"\\\"Saihestu dezagun gaur biharko laneko minbizia\\\" kanpaina - IMQ Prevenci\u00f3n\",\"isPartOf\":{\"@id\":\"https:\/\/imqprevencion.es\/eu\/#website\"},\"datePublished\":\"2022-01-28T13:32:26+00:00\",\"dateModified\":\"2022-10-04T10:22:16+00:00\",\"description\":\"Descarga la informaci\u00f3n y haz de tu espacio de trabajo un lugar m\u00e1s saludable.\",\"breadcrumb\":{\"@id\":\"https:\/\/imqprevencion.es\/eu\/informazio-teknikoa\/campana-cancer-laboral\/#breadcrumb\"},\"inLanguage\":\"eu-ES\",\"potentialAction\":[{\"@type\":\"ReadAction\",\"target\":[\"https:\/\/imqprevencion.es\/eu\/informazio-teknikoa\/campana-cancer-laboral\/\"]}]},{\"@type\":\"BreadcrumbList\",\"@id\":\"https:\/\/imqprevencion.es\/eu\/informazio-teknikoa\/campana-cancer-laboral\/#breadcrumb\",\"itemListElement\":[{\"@type\":\"ListItem\",\"position\":1,\"name\":\"Hasiera\",\"item\":\"https:\/\/imqprevencion.es\/eu\/\"},{\"@type\":\"ListItem\",\"position\":2,\"name\":\"Informazio teknikoa\",\"item\":\"https:\/\/imqprevencion.es\/eu\/.\/informazio-teknikoa\/\"},{\"@type\":\"ListItem\",\"position\":3,\"name\":\"&#8220;Saihestu dezagun gaur biharko laneko minbizia&#8221; kanpaina\"}]},{\"@type\":\"WebSite\",\"@id\":\"https:\/\/imqprevencion.es\/eu\/#website\",\"url\":\"https:\/\/imqprevencion.es\/eu\/\",\"name\":\"IMQ Prevenci\u00f3n\",\"description\":\"Servicio de Prevenci\u00f3n de Riesgos Laborales\",\"publisher\":{\"@id\":\"https:\/\/imqprevencion.es\/eu\/#organization\"},\"potentialAction\":[{\"@type\":\"SearchAction\",\"target\":{\"@type\":\"EntryPoint\",\"urlTemplate\":\"https:\/\/imqprevencion.es\/eu\/?s={search_term_string}\"},\"query-input\":\"required name=search_term_string\"}],\"inLanguage\":\"eu-ES\"},{\"@type\":\"Organization\",\"@id\":\"https:\/\/imqprevencion.es\/eu\/#organization\",\"name\":\"IMQ Prevenci\u00f3n\",\"url\":\"https:\/\/imqprevencion.es\/eu\/\",\"logo\":{\"@type\":\"ImageObject\",\"inLanguage\":\"eu-ES\",\"@id\":\"https:\/\/imqprevencion.es\/eu\/#\/schema\/logo\/image\/\",\"url\":\"https:\/\/imqprevencion.es\/wp-content\/uploads\/2022\/05\/IMQ-Blue.svg\",\"contentUrl\":\"https:\/\/imqprevencion.es\/wp-content\/uploads\/2022\/05\/IMQ-Blue.svg\",\"width\":265,\"height\":32,\"caption\":\"IMQ Prevenci\u00f3n\"},\"image\":{\"@id\":\"https:\/\/imqprevencion.es\/eu\/#\/schema\/logo\/image\/\"}},{\"@type\":\"Person\",\"@id\":\"https:\/\/imqprevencion.es\/eu\/#\/schema\/person\/2e5941d0bed1c48135c8d48738616a03\",\"name\":\"developer\",\"image\":{\"@type\":\"ImageObject\",\"inLanguage\":\"eu-ES\",\"@id\":\"https:\/\/imqprevencion.es\/eu\/#\/schema\/person\/image\/\",\"url\":\"https:\/\/secure.gravatar.com\/avatar\/1d5de173738471299019f98ab79d044b4b58fd944eae1faed63e33680b257663?s=96&d=mm&r=g\",\"contentUrl\":\"https:\/\/secure.gravatar.com\/avatar\/1d5de173738471299019f98ab79d044b4b58fd944eae1faed63e33680b257663?s=96&d=mm&r=g\",\"caption\":\"developer\"},\"sameAs\":[\"https:\/\/imqprevencion.zorraquino.info\"]}]}<\/script>\n<!-- \/ Yoast SEO plugin. -->","yoast_head_json":{"title":"\"Saihestu dezagun gaur biharko laneko minbizia\" kanpaina - IMQ Prevenci\u00f3n","description":"Descarga la informaci\u00f3n y haz de tu espacio de trabajo un lugar m\u00e1s saludable.","robots":{"index":"index","follow":"follow","max-snippet":"max-snippet:-1","max-image-preview":"max-image-preview:large","max-video-preview":"max-video-preview:-1"},"canonical":"https:\/\/imqprevencion.es\/eu\/informazio-teknikoa\/campana-cancer-laboral\/","og_locale":"eu_ES","og_type":"article","og_title":"\"Saihestu dezagun gaur biharko laneko minbizia\" kanpaina - IMQ Prevenci\u00f3n","og_description":"Descarga la informaci\u00f3n y haz de tu espacio de trabajo un lugar m\u00e1s saludable.","og_url":"https:\/\/imqprevencion.es\/eu\/informazio-teknikoa\/campana-cancer-laboral\/","og_site_name":"IMQ Prevenci\u00f3n","article_published_time":"2022-01-28T13:32:26+00:00","article_modified_time":"2022-10-04T10:22:16+00:00","og_image":[{"width":1418,"height":799,"url":"https:\/\/imqprevencion.es\/wp-content\/uploads\/2022\/01\/FJ-EbL8WQAAsbHp-1.jpeg","type":"image\/jpeg"}],"author":"developer","twitter_card":"summary_large_image","twitter_misc":{"Written by":"developer","Est. reading time":"1 minute"},"schema":{"@context":"https:\/\/schema.org","@graph":[{"@type":"Article","@id":"https:\/\/imqprevencion.es\/eu\/informazio-teknikoa\/campana-cancer-laboral\/#article","isPartOf":{"@id":"https:\/\/imqprevencion.es\/eu\/informazio-teknikoa\/campana-cancer-laboral\/"},"author":{"name":"developer","@id":"https:\/\/imqprevencion.es\/eu\/#\/schema\/person\/2e5941d0bed1c48135c8d48738616a03"},"headline":"&#8220;Saihestu dezagun gaur biharko laneko minbizia&#8221; kanpaina","datePublished":"2022-01-28T13:32:26+00:00","dateModified":"2022-10-04T10:22:16+00:00","mainEntityOfPage":{"@id":"https:\/\/imqprevencion.es\/eu\/informazio-teknikoa\/campana-cancer-laboral\/"},"wordCount":125,"commentCount":0,"publisher":{"@id":"https:\/\/imqprevencion.es\/eu\/#organization"},"articleSection":["Informazio teknikoa","Osasun Zaintza","Segurtasuna"],"inLanguage":"eu-ES","potentialAction":[{"@type":"CommentAction","name":"Comment","target":["https:\/\/imqprevencion.es\/eu\/informazio-teknikoa\/campana-cancer-laboral\/#respond"]}]},{"@type":"WebPage","@id":"https:\/\/imqprevencion.es\/eu\/informazio-teknikoa\/campana-cancer-laboral\/","url":"https:\/\/imqprevencion.es\/eu\/informazio-teknikoa\/campana-cancer-laboral\/","name":"\"Saihestu dezagun gaur biharko laneko minbizia\" kanpaina - IMQ Prevenci\u00f3n","isPartOf":{"@id":"https:\/\/imqprevencion.es\/eu\/#website"},"datePublished":"2022-01-28T13:32:26+00:00","dateModified":"2022-10-04T10:22:16+00:00","description":"Descarga la informaci\u00f3n y haz de tu espacio de trabajo un lugar m\u00e1s saludable.","breadcrumb":{"@id":"https:\/\/imqprevencion.es\/eu\/informazio-teknikoa\/campana-cancer-laboral\/#breadcrumb"},"inLanguage":"eu-ES","potentialAction":[{"@type":"ReadAction","target":["https:\/\/imqprevencion.es\/eu\/informazio-teknikoa\/campana-cancer-laboral\/"]}]},{"@type":"BreadcrumbList","@id":"https:\/\/imqprevencion.es\/eu\/informazio-teknikoa\/campana-cancer-laboral\/#breadcrumb","itemListElement":[{"@type":"ListItem","position":1,"name":"Hasiera","item":"https:\/\/imqprevencion.es\/eu\/"},{"@type":"ListItem","position":2,"name":"Informazio teknikoa","item":"https:\/\/imqprevencion.es\/eu\/.\/informazio-teknikoa\/"},{"@type":"ListItem","position":3,"name":"&#8220;Saihestu dezagun gaur biharko laneko minbizia&#8221; kanpaina"}]},{"@type":"WebSite","@id":"https:\/\/imqprevencion.es\/eu\/#website","url":"https:\/\/imqprevencion.es\/eu\/","name":"IMQ Prevenci\u00f3n","description":"Servicio de Prevenci\u00f3n de Riesgos Laborales","publisher":{"@id":"https:\/\/imqprevencion.es\/eu\/#organization"},"potentialAction":[{"@type":"SearchAction","target":{"@type":"EntryPoint","urlTemplate":"https:\/\/imqprevencion.es\/eu\/?s={search_term_string}"},"query-input":"required name=search_term_string"}],"inLanguage":"eu-ES"},{"@type":"Organization","@id":"https:\/\/imqprevencion.es\/eu\/#organization","name":"IMQ Prevenci\u00f3n","url":"https:\/\/imqprevencion.es\/eu\/","logo":{"@type":"ImageObject","inLanguage":"eu-ES","@id":"https:\/\/imqprevencion.es\/eu\/#\/schema\/logo\/image\/","url":"https:\/\/imqprevencion.es\/wp-content\/uploads\/2022\/05\/IMQ-Blue.svg","contentUrl":"https:\/\/imqprevencion.es\/wp-content\/uploads\/2022\/05\/IMQ-Blue.svg","width":265,"height":32,"caption":"IMQ Prevenci\u00f3n"},"image":{"@id":"https:\/\/imqprevencion.es\/eu\/#\/schema\/logo\/image\/"}},{"@type":"Person","@id":"https:\/\/imqprevencion.es\/eu\/#\/schema\/person\/2e5941d0bed1c48135c8d48738616a03","name":"developer","image":{"@type":"ImageObject","inLanguage":"eu-ES","@id":"https:\/\/imqprevencion.es\/eu\/#\/schema\/person\/image\/","url":"https:\/\/secure.gravatar.com\/avatar\/1d5de173738471299019f98ab79d044b4b58fd944eae1faed63e33680b257663?s=96&d=mm&r=g","contentUrl":"https:\/\/secure.gravatar.com\/avatar\/1d5de173738471299019f98ab79d044b4b58fd944eae1faed63e33680b257663?s=96&d=mm&r=g","caption":"developer"},"sameAs":["https:\/\/imqprevencion.zorraquino.info"]}]}},"_links":{"self":[{"href":"https:\/\/imqprevencion.es\/eu\/wp-json\/wp\/v2\/posts\/14168","targetHints":{"allow":["GET"]}}],"collection":[{"href":"https:\/\/imqprevencion.es\/eu\/wp-json\/wp\/v2\/posts"}],"about":[{"href":"https:\/\/imqprevencion.es\/eu\/wp-json\/wp\/v2\/types\/post"}],"author":[{"embeddable":true,"href":"https:\/\/imqprevencion.es\/eu\/wp-json\/wp\/v2\/users\/1"}],"replies":[{"embeddable":true,"href":"https:\/\/imqprevencion.es\/eu\/wp-json\/wp\/v2\/comments?post=14168"}],"version-history":[{"count":4,"href":"https:\/\/imqprevencion.es\/eu\/wp-json\/wp\/v2\/posts\/14168\/revisions"}],"predecessor-version":[{"id":15621,"href":"https:\/\/imqprevencion.es\/eu\/wp-json\/wp\/v2\/posts\/14168\/revisions\/15621"}],"wp:featuredmedia":[{"embeddable":true,"href":"https:\/\/imqprevencion.es\/eu\/wp-json\/wp\/v2\/media\/10847"}],"wp:attachment":[{"href":"https:\/\/imqprevencion.es\/eu\/wp-json\/wp\/v2\/media?parent=14168"}],"wp:term":[{"taxonomy":"category","embeddable":true,"href":"https:\/\/imqprevencion.es\/eu\/wp-json\/wp\/v2\/categories?post=14168"},{"taxonomy":"post_tag","embeddable":true,"href":"https:\/\/imqprevencion.es\/eu\/wp-json\/wp\/v2\/tags?post=14168"}],"curies":[{"name":"wp","href":"https:\/\/api.w.org\/{rel}","templated":true}]}}